{"id":7678,"date":"2026-01-26T09:18:00","date_gmt":"2026-01-26T08:18:00","guid":{"rendered":"https:\/\/kodesmots.fr\/blog\/?p=7678"},"modified":"2026-01-26T09:18:00","modified_gmt":"2026-01-26T08:18:00","slug":"les-discours-politiques-celebres-qui-ont-marque-lhistoire-et-faconne-des-nations","status":"publish","type":"post","link":"https:\/\/kodesmots.fr\/blog\/discours-celebres\/les-discours-politiques-celebres-qui-ont-marque-lhistoire-et-faconne-des-nations\/","title":{"rendered":"Les discours politiques c\u00e9l\u00e8bres qui ont marqu\u00e9 l&rsquo;Histoire et fa\u00e7onn\u00e9 des nations"},"content":{"rendered":"<h1>Discours Politiques C\u00e9l\u00e8bres : Des Messages Qui Ont Marqu\u00e9 l&rsquo;Histoire<\/h1>\n<h2>Les grands discours qui ont fa\u00e7onn\u00e9 des nations<\/h2>\n<p>Un <strong>grand discours politique<\/strong> devient historique lorsque la parole d\u2019un dirigeant ou d\u2019un repr\u00e9sentant se confond avec un moment de bascule pour la collectivit\u00e9. Il s\u2019agit d\u2019un instant o\u00f9 une autorit\u00e9 \u2013 qu\u2019il s\u2019agisse d\u2019un <strong>pr\u00e9sident<\/strong>, d\u2019un <strong>chef de gouvernement<\/strong>, d\u2019un <strong>d\u00e9put\u00e9<\/strong> ou d\u2019un <strong>leader de mouvement social<\/strong> \u2013 parle  au nom du peuple ? et propose une <u>relecture globale de l\u2019identit\u00e9 nationale et de l\u2019avenir commun<\/u>. Le lieu \u2013 <strong>parlement national<\/strong>, <strong>place publique<\/strong>, <strong>tribune internationale<\/strong>, <strong>radio<\/strong> ou <strong>t\u00e9l\u00e9vision<\/strong> \u2013 conditionne, lui aussi, la port\u00e9e de ce moment.<\/p>\n<ul>\n<li><strong>Contexte historique<\/strong> : guerre mondiale, lutte pour les droits civiques, fin d\u2019un r\u00e9gime autoritaire, crise constitutionnelle.<\/li>\n<li><strong>Lieu de la prise de parole<\/strong> : <u>assembl\u00e9e parlementaire<\/u>, grande avenue, universit\u00e9, si\u00e8ge d\u2019organisation internationale.<\/li>\n<li><strong>Public vis\u00e9<\/strong> : citoyens nationaux, communaut\u00e9s discrimin\u00e9es, alli\u00e9s \u00e9trangers, adversaires politiques.<\/li>\n<li><strong>Impact mesurable<\/strong> : adoption de lois, modification de constitutions, signature de trait\u00e9s, mobilisations massives.<\/li>\n<\/ul>\n<p>Les historiens et politistes, de <strong>Dunod<\/strong> \u00e0 la <strong>Biblioth\u00e8que de l\u2019Assembl\u00e9e nationale<\/strong>, recensent des dizaines de prises de parole qui ont servi de catalyseur \u00e0 des r\u00e9formes institutionnelles ou \u00e0 des changements de r\u00e9gime, montrant \u00e0 quel point la parole peut acc\u00e9l\u00e9rer des dynamiques d\u00e9j\u00e0 \u00e0 l\u2019\u0153uvre.<\/p>\n<h3>Discours embl\u00e9matiques sur la sc\u00e8ne internationale<\/h3>\n<p>Parmi les discours les plus cit\u00e9s \u00e0 l\u2019\u00e9chelle mondiale, celui de <strong>Martin Luther King<\/strong>,  <strong>I Have a Dream<\/strong> ?, prononc\u00e9 le 28 ao\u00fbt 1963 lors de la  <strong>Marche sur Washington pour l\u2019emploi et la libert\u00e9<\/strong> ?, occupe une place centrale. Devant plus de <u>250 000 personnes rassembl\u00e9es au Lincoln Memorial<\/u>, au c\u0153ur de la capitale f\u00e9d\u00e9rale am\u00e9ricaine, il d\u00e9nonce la <strong>s\u00e9gr\u00e9gation raciale<\/strong> et la discrimination qui frappent les Afro\u2011Am\u00e9ricains, tout en proposant une vision d\u2019<u>\u00e9galit\u00e9 devant la loi et de fraternit\u00e9 civique<\/u>. Ce discours accompagne la dynamique qui conduit au <strong>Civil Rights Act de 1964<\/strong> et au <strong>Voting Rights Act de 1965<\/strong>, textes adopt\u00e9s par le <strong>Congr\u00e8s des \u00c9tats\u2011Unis<\/strong> qui interdisent les discriminations fond\u00e9es sur la race et s\u00e9curisent le droit de vote.<\/p>\n<ul>\n<li><strong>Th\u00e9matique centrale<\/strong> : droits civiques, fin de la s\u00e9gr\u00e9gation, promesse constitutionnelle non tenue.<\/li>\n<li><strong>Public vis\u00e9<\/strong> : gouvernement f\u00e9d\u00e9ral, majorit\u00e9 blanche, communaut\u00e9 afro\u2011am\u00e9ricaine, opinion internationale.<\/li>\n<li><strong>Impact chiffr\u00e9<\/strong> : hausse de la participation \u00e9lectorale des Afro\u2011Am\u00e9ricains de plusieurs dizaines de points dans certains \u00c9tats du Sud apr\u00e8s 1965.<\/li>\n<\/ul>\n<p>Un demi\u2011si\u00e8cle plus tard, le premier discours d\u2019investiture de <strong>Barack Obama, 44e pr\u00e9sident des \u00c9tats\u2011Unis<\/strong>, le 20 janvier 2009 \u00e0 <strong>Washington D.C.<\/strong>, rev\u00eat une forte dimension symbolique. \u00c9lu avec plus de <u>69 millions de voix<\/u>, soit un record de suffrages \u00e0 l\u2019\u00e9poque, il insiste sur l\u2019<strong>unit\u00e9 nationale<\/strong>, la <strong>r\u00e9conciliation raciale<\/strong> et la capacit\u00e9 de la Constitution am\u00e9ricaine \u00e0 int\u00e9grer un ancien s\u00e9nateur m\u00e9tis de <strong>Chicago<\/strong> \u00e0 la t\u00eate de la superpuissance. Sa rh\u00e9torique, largement r\u00e9sum\u00e9e par le slogan <strong> Yes We Can ?<\/strong>, articule <u>espoir, changement et continuit\u00e9 constitutionnelle<\/u>, dans un contexte de crise financi\u00e8re mondiale et de guerre en <strong>Irak<\/strong> et en <strong>Afghanistan<\/strong>.<\/p>\n<ul>\n<li><strong>Th\u00e9matique centrale<\/strong> : refondation morale, sortie de crise \u00e9conomique, restauration de la confiance dans les institutions.<\/li>\n<li><strong>Lieu<\/strong> : esplanade du Capitole, devant le <strong>Congr\u00e8s<\/strong> et des centaines de milliers de personnes.<\/li>\n<li><strong>Impact<\/strong> : remont\u00e9e rapide des indicateurs de confiance dans la pr\u00e9sidence am\u00e9ricaine, avec des taux d\u2019approbation d\u00e9passant <u>65 % d\u00e9but 2009<\/u>.<\/li>\n<\/ul>\n<p>Dans des contextes de guerre ou de confrontation syst\u00e9mique, les discours de <strong>Winston Churchill, Premier ministre britannique<\/strong>, entre mai et juin 1940 ( <strong>Blood, toil, tears and sweat<\/strong> ?, puis  <strong>We shall fight on the beaches<\/strong> ?) contribuent \u00e0 maintenir la coh\u00e9sion du <strong>Royaume\u2011Uni<\/strong> alors que l\u2019<strong>Allemagne nazie<\/strong> progresse en Europe. De m\u00eame, l\u2019allocution de <strong>Franklin D. Roosevelt, pr\u00e9sident des \u00c9tats\u2011Unis<\/strong>, le 8 d\u00e9cembre 1941, apr\u00e8s l\u2019attaque de <strong>Pearl Harbor<\/strong>, qualifi\u00e9e de <u> date qui restera marqu\u00e9e par l\u2019infamie ?<\/u>, pr\u00e9pare l\u2019acceptation populaire de l\u2019entr\u00e9e en guerre, valid\u00e9e d\u00e8s le lendemain par un vote quasi unanime du <strong>Congr\u00e8s am\u00e9ricain<\/strong>.<\/p>\n<p>Sur un autre continent, le discours de lib\u00e9ration de <strong>Nelson Mandela, futur pr\u00e9sident de l\u2019Afrique du Sud<\/strong>, le 11 f\u00e9vrier 1990 \u00e0 <strong>Le Cap<\/strong>, puis celui de son investiture le 10 mai 1994 \u00e0 <strong>Pretoria<\/strong>, structurent un r\u00e9cit de <strong>r\u00e9conciliation nationale<\/strong> apr\u00e8s l\u2019apartheid. Sa formule  <u>nation arc\u2011en\u2011ciel<\/u> ?, reprise ensuite par l\u2019archev\u00eaque <strong>Desmond Tutu<\/strong>, l\u00e9gitime une nouvelle architecture constitutionnelle adopt\u00e9e en 1996, qui consacre le suffrage universel, l\u2019\u00e9galit\u00e9 juridique et une <strong>Court constitutionnelle<\/strong> dot\u00e9e de pouvoirs \u00e9tendus.<\/p>\n<h3>Discours europ\u00e9ens et fran\u00e7ais fondateurs<\/h3>\n<p>En Europe, quelques prises de parole sont devenues des rep\u00e8res identitaires. Le <strong>discours du 18 juin 1940<\/strong>, prononc\u00e9 \u00e0 <strong>Londres<\/strong> par <strong>Charles de Gaulle, g\u00e9n\u00e9ral et chef de la France libre<\/strong>, appelle les Fran\u00e7ais \u00e0 refuser l\u2019armistice sign\u00e9 par le mar\u00e9chal <strong>Philippe P\u00e9tain<\/strong> et \u00e0 poursuivre la lutte aux c\u00f4t\u00e9s du <strong>Royaume\u2011Uni<\/strong>. Par la radio, m\u00e9dia de masse en pleine expansion, ce message recr\u00e9e un lien politique entre un chef auto\u2011proclam\u00e9 et des citoyens dispers\u00e9s, posant les bases d\u2019une <u>l\u00e9gitimit\u00e9 alternative \u00e0 celle du r\u00e9gime de Vichy<\/u>.<\/p>\n<ul>\n<li><strong>Lieu<\/strong> : studios de la <strong>BBC<\/strong> \u00e0 Londres, hors du territoire national.<\/li>\n<li><strong>Public vis\u00e9<\/strong> : Fran\u00e7ais de m\u00e9tropole et d\u2019Empire, forces arm\u00e9es, alli\u00e9s potentiels.<\/li>\n<li><strong>Impact<\/strong> : structuration progressive de la <strong>France libre<\/strong>, ralliement de territoires comme le <strong>Chad<\/strong> ou le <strong>Cameroun<\/strong> d\u00e8s 1940\u20111941.<\/li>\n<\/ul>\n<p>Le 25 ao\u00fbt 1944, depuis l\u2019<strong>H\u00f4tel de Ville de Paris<\/strong>, <strong>Charles de Gaulle<\/strong> prononce l\u2019allocution rest\u00e9e c\u00e9l\u00e8bre par la formule  <u>Paris outrag\u00e9, Paris bris\u00e9, Paris martyris\u00e9, mais Paris lib\u00e9r\u00e9<\/u> ?. Cette parole publique, effectu\u00e9e devant une foule parisienne et en pr\u00e9sence des repr\u00e9sentants de la <strong>R\u00e9sistance int\u00e9rieure<\/strong>, r\u00e9affirme la continuit\u00e9 de l\u2019<strong>\u00c9tat fran\u00e7ais r\u00e9publicain<\/strong> et pr\u00e9figure la r\u00e9organisation institutionnelle qui conduira \u00e0 la <strong>IVe R\u00e9publique<\/strong>, puis \u00e0 la <strong>Ve R\u00e9publique<\/strong> en 1958.<\/p>\n<p>Sur le plan europ\u00e9en, le <strong>discours du 9 mai 1950<\/strong> de <strong>Robert Schuman, ministre fran\u00e7ais des Affaires \u00e9trang\u00e8res<\/strong>, r\u00e9dig\u00e9 avec l\u2019aide de <strong>Jean Monnet, haut fonctionnaire et architecte de la construction europ\u00e9enne<\/strong>, propose la mise en commun des productions de <strong>charbon et d\u2019acier<\/strong> de la <strong>France<\/strong> et de la <strong>R\u00e9publique f\u00e9d\u00e9rale d\u2019Allemagne<\/strong> au sein d\u2019une <u>Haute Autorit\u00e9 supranationale<\/u>. Ce discours, prononc\u00e9 au <strong>Quai d\u2019Orsay \u00e0 Paris<\/strong>, donne naissance en 1951 \u00e0 la <strong>Communaut\u00e9 europ\u00e9enne du charbon et de l\u2019acier (CECA)<\/strong>, premi\u00e8re \u00e9tape institutionnelle vers l\u2019<strong>Union europ\u00e9enne<\/strong>, qui influence durablement les comp\u00e9tences des <strong>parlements nationaux<\/strong>.<\/p>\n<ul>\n<li><strong>Th\u00e9matique centrale<\/strong> : paix par l\u2019int\u00e9gration \u00e9conomique, limitation de la souverainet\u00e9 nationale pour \u00e9viter la guerre.<\/li>\n<li><strong>Impact<\/strong> : signature du <strong>trait\u00e9 de Paris de 1951<\/strong>, puis, plus tard, des <strong>trait\u00e9s de Rome de 1957<\/strong>.<\/li>\n<\/ul>\n<h2>Techniques oratoires et strat\u00e9gies de persuasion<\/h2>\n<p>L\u2019<strong>art oratoire politique<\/strong> est profond\u00e9ment li\u00e9 \u00e0 la vie constitutionnelle et parlementaire. Une allocution pr\u00e9sidentielle diffus\u00e9e en direct, un discours de politique g\u00e9n\u00e9rale prononc\u00e9 devant une <strong>Assembl\u00e9e nationale<\/strong>, ou une intervention dans l\u2019h\u00e9micycle du <strong>Bundestag<\/strong> ou de la <strong>Chambre des communes<\/strong>, constituent des actes institutionnels \u00e0 part enti\u00e8re. Nous constatons que les orateurs les plus marquants combinent des <u>figures de style ma\u00eetris\u00e9es<\/u> et une <u>strat\u00e9gie de cr\u00e9dibilisation personnelle<\/u>, tout en structurant des arguments chiffr\u00e9s, juridiques ou historiques.<\/p>\n<ul>\n<li><strong>Objectif central<\/strong> : convaincre \u00e0 la fois l\u2019assembl\u00e9e pr\u00e9sente et un public \u00e9largi via les m\u00e9dias.<\/li>\n<li><strong>Contraintes<\/strong> : temps de parole limit\u00e9, retransmission t\u00e9l\u00e9vis\u00e9e, instantan\u00e9it\u00e9 des r\u00e9actions sur les r\u00e9seaux sociaux.<\/li>\n<li><strong>Enjeu<\/strong> : transformer un texte pr\u00e9par\u00e9 en un moment de r\u00e9f\u00e9rence, cit\u00e9 ensuite dans les manuels d\u2019histoire ou les plaidoiries politiques futures.<\/li>\n<\/ul>\n<h3>Figures de style au c\u0153ur des grands discours<\/h3>\n<p>L\u2019<strong>anaphore<\/strong>, figure de r\u00e9p\u00e9tition en t\u00eate de phrase, donne un rythme quasi musical. Le  <strong>I have a dream<\/strong> ? r\u00e9p\u00e9t\u00e9 par <strong>Martin Luther King<\/strong> ou le  <strong>Yes We Can<\/strong> ? popularis\u00e9 par <strong>Barack Obama<\/strong> illustrent cette capacit\u00e9 \u00e0 ancrer une formule dans la m\u00e9moire collective. En <strong>France<\/strong>, <strong>Victor Hugo, d\u00e9put\u00e9 et \u00e9crivain<\/strong>, utilise des r\u00e9p\u00e9titions puissantes \u00e0 l\u2019<strong>Assembl\u00e9e l\u00e9gislative du Second Empire<\/strong>, notamment dans ses discours contre la mis\u00e8re, publi\u00e9e ensuite dans ses recueils, ce qui renforce l\u2019impact symbolique de sa parole parlementaire.<\/p>\n<ul>\n<li><u>Anaphore<\/u> : r\u00e9p\u00e9tition structur\u00e9e d\u2019un syntagme en d\u00e9but de phrase, cr\u00e9ant un effet de mart\u00e8lement et de m\u00e9morisation.<\/li>\n<li><strong>M\u00e9taphore<\/strong> : transposition imag\u00e9e d\u2019une id\u00e9e politique, comme la formule de <strong>Jacques Chirac, pr\u00e9sident de la R\u00e9publique fran\u00e7aise<\/strong>,  <u>Notre maison br\u00fble et nous regardons ailleurs<\/u> ?, prononc\u00e9e au <strong>Sommet de la Terre de Johannesburg en 2002<\/strong>, qui fait du climat une maison commune menac\u00e9e.<\/li>\n<li><strong>Antith\u00e8se et gradation<\/strong> : opposition de termes (guerre\/paix, oppression\/libert\u00e9) et mont\u00e9e en intensit\u00e9, fr\u00e9quentes dans les discours de <strong>Winston Churchill<\/strong> ou de <strong>Georges Clemenceau<\/strong>.<\/li>\n<\/ul>\n<p>Ces proc\u00e9d\u00e9s ne sont pas ornementaux ; ils servent \u00e0 rendre intelligibles des enjeux complexes \u2013 r\u00e9forme constitutionnelle, guerre froide, transition d\u00e9mocratique \u2013 en les ramenant \u00e0 des images simples. Nous consid\u00e9rons que leur efficacit\u00e9 tient \u00e0 leur capacit\u00e9 \u00e0 \u00eatre repris par les m\u00e9dias, les manuels scolaires ou les militants, devenant des <strong>marqueurs discursifs<\/strong> d\u2019une \u00e9poque.<\/p>\n<h3>Ethos, pathos et logos dans la parole politique<\/h3>\n<p>Les grands orateurs construisent un <u>\u00e9quilibre entre ethos, pathos et logos<\/u>, selon les cat\u00e9gories classiques de la rh\u00e9torique. L\u2019<strong>ethos<\/strong>, c\u2019est l\u2019image de l\u2019orateur : <strong>Nelson Mandela<\/strong> se pr\u00e9sente comme un homme pr\u00eat \u00e0 mourir pour l\u2019id\u00e9al d\u2019une soci\u00e9t\u00e9 libre, dans son discours de 1964 \u00e0 <strong>Pretoria<\/strong>; <strong>Robert Badinter, garde des Sceaux<\/strong>, s\u2019adresse au <strong>S\u00e9nat fran\u00e7ais<\/strong> en 1981 en se posant comme d\u00e9fenseur des droits fondamentaux contre la peine de mort. Le <strong>pathos<\/strong> mobilise les \u00e9motions : compassion pour les victimes, peur d\u2019un conflit mondial, indignation face \u00e0 l\u2019injustice. Le <strong>logos<\/strong> introduit des <u>donn\u00e9es chiffr\u00e9es<\/u>, des r\u00e9f\u00e9rences constitutionnelles, des extraits de trait\u00e9s.<\/p>\n<ul>\n<li><strong>Ethos<\/strong> : l\u00e9gitimit\u00e9 personnelle du dirigeant, biographie, sacrifice, int\u00e9grit\u00e9 per\u00e7ue.<\/li>\n<li><strong>Pathos<\/strong> : r\u00e9cits de vies bris\u00e9es, \u00e9vocation de massacres, images d\u2019enfants victimes de guerres ou de discriminations.<\/li>\n<li><strong>Logos<\/strong> : statistiques de ch\u00f4mage, chiffres de participation \u00e9lectorale, articles de Constitution, d\u00e9cisions de <strong>Cours supr\u00eames<\/strong>.<\/li>\n<\/ul>\n<p>Nous observons que les interventions les plus marquantes combinent ces trois dimensions. Le discours de <strong>Dominique de Villepin, ministre des Affaires \u00e9trang\u00e8res fran\u00e7ais<\/strong>, au <strong>Conseil de s\u00e9curit\u00e9 de l\u2019Organisation des Nations unies<\/strong> le 14 f\u00e9vrier 2003 \u00e0 <strong>New York<\/strong>, contre l\u2019intervention militaire en <strong>Irak<\/strong>, en est un exemple : construction d\u2019un ethos de puissance pacifique, usage du pathos autour des souffrances civiles pr\u00e9visibles, recours au logos via des r\u00e9f\u00e9rences au droit international et \u00e0 la <strong>Charte des Nations unies<\/strong>.<\/p>\n<h2>L\u2019impact mesurable des grands discours sur la soci\u00e9t\u00e9<\/h2>\n<p>Un <strong>discours politique c\u00e9l\u00e8bre<\/strong> n\u2019est pas seulement un texte brillant, c\u2019est un acte qui modifie, parfois en profondeur, la relation entre gouvernants et gouvern\u00e9s. Nous constatons qu\u2019il peut d\u00e9clencher des <u>vagues de mobilisation<\/u>, pr\u00e9cipiter l\u2019adoption de r\u00e9formes, ou transformer le cadre constitutionnel d\u2019un pays. Les sciences sociales, en particulier la <strong>sociologie politique<\/strong>, tentent d\u2019en mesurer les effets via des donn\u00e9es de participation, d\u2019opinion ou de l\u00e9gislation.<\/p>\n<ul>\n<li><strong>Indicateurs observ\u00e9s<\/strong> : taux de participation aux manifestations, r\u00e9sultats de scrutins, \u00e9volution des sondages, nombre de textes de loi adopt\u00e9s.<\/li>\n<li><strong>Temporalit\u00e9<\/strong> : effets imm\u00e9diats (mobilisations) et effets diff\u00e9r\u00e9s (r\u00e9formes structurelles plusieurs ann\u00e9es plus tard).<\/li>\n<li><strong>Niveau<\/strong> : impact national, r\u00e9gional, international.<\/li>\n<\/ul>\n<h3>Discours et mouvements de protestation<\/h3>\n<p>En <strong>1963<\/strong>, apr\u00e8s la  Marche sur Washington ? et le discours de <strong>Martin Luther King<\/strong>, les organisations de d\u00e9fense des droits civiques, comme la <strong>NAACP<\/strong> (National Association for the Advancement of Colored People) ou la <strong>Southern Christian Leadership Conference<\/strong>, enregistrent une mont\u00e9e des adh\u00e9sions et une intensification des actions. Entre 1960 et 1965, le nombre de personnes impliqu\u00e9es dans des marches, sit\u2011in ou boycotts dans le Sud des \u00c9tats\u2011Unis d\u00e9passe le seuil de <u>plusieurs centaines de milliers de participants cumul\u00e9s<\/u>, contribuant \u00e0 cr\u00e9er une pression politique suffisante sur l\u2019administration de <strong>Lyndon B. Johnson, pr\u00e9sident des \u00c9tats\u2011Unis<\/strong>.<\/p>\n<ul>\n<li><strong>Cons\u00e9quences l\u00e9gislatives<\/strong> : vote du <strong>Civil Rights Act (1964)<\/strong> et du <strong>Voting Rights Act (1965)<\/strong>.<\/li>\n<li><strong>\u00c9cho international<\/strong> : condamnation grandissante de la s\u00e9gr\u00e9gation par les pays nouvellement ind\u00e9pendants d\u2019<strong>Afrique<\/strong> et d\u2019<strong>Asie<\/strong>.<\/li>\n<\/ul>\n<p>En <strong>Afrique du Sud<\/strong>, les discours de <strong>Nelson Mandela<\/strong> apr\u00e8s sa lib\u00e9ration, combin\u00e9s \u00e0 ceux d\u2019autres figures comme <strong>Desmond Tutu<\/strong>, contribuent \u00e0 l\u00e9gitimer le processus de n\u00e9gociation avec le gouvernement du pr\u00e9sident <strong>F.W. de Klerk<\/strong>. Entre 1990 et 1994, la participation aux \u00e9lections de 1994, premi\u00e8res \u00e9lections multiraciales du pays, atteint environ <u>86 % des \u00e9lecteurs inscrits<\/u>, un niveau exceptionnel qui traduit l\u2019adh\u00e9sion au nouveau cadre constitutionnel. Nous estimons que ces paroles publiques ont jou\u00e9 un r\u00f4le dans la transformation de l\u2019<u>apartheid en transition d\u00e9mocratique n\u00e9goci\u00e9e<\/u>.<\/p>\n<h3>Discours et r\u00e9formes institutionnelles<\/h3>\n<p>Plusieurs r\u00e9formes majeures ont \u00e9t\u00e9 pr\u00e9par\u00e9es par des discours devenus embl\u00e9matiques. En <strong>France<\/strong>, l\u2019intervention de <strong>Robert Badinter, garde des Sceaux<\/strong>, le 17 septembre 1981 devant l\u2019<strong>Assembl\u00e9e nationale<\/strong>, en faveur de l\u2019<u>abolition de la peine de mort<\/u>, constitue un jalon. Il s\u2019appuie sur des cas pr\u00e9cis d\u2019erreurs judiciaires et sur une argumentation fond\u00e9e sur les droits humains. La loi d\u2019abolition est adopt\u00e9e quelques jours plus tard, le 18 septembre 1981, sous la pr\u00e9sidence de <strong>Fran\u00e7ois Mitterrand<\/strong>, et modifiera durablement la jurisprudence fran\u00e7aise, puis europ\u00e9enne, via la <strong>Convention europ\u00e9enne des droits de l\u2019homme<\/strong>.<\/p>\n<ul>\n<li><strong>Type de r\u00e9forme<\/strong> : modification profonde du code p\u00e9nal et du rapport de l\u2019\u00c9tat \u00e0 la violence l\u00e9gale.<\/li>\n<li><u>Port\u00e9e symbolique<\/u> : alignement de la France sur une tendance europ\u00e9enne croissante \u00e0 l\u2019abolition, consolid\u00e9e dans les ann\u00e9es 1990\u20112000.<\/li>\n<\/ul>\n<p>Au niveau europ\u00e9en, les discours prononc\u00e9s autour des r\u00e9f\u00e9rendums sur les trait\u00e9s \u2013 qu\u2019il s\u2019agisse du <strong>trait\u00e9 de Maastricht en 1992<\/strong> ou du <strong>trait\u00e9 \u00e9tablissant une Constitution pour l\u2019Europe<\/strong> rejet\u00e9 par r\u00e9f\u00e9rendum en France en 2005 \u2013 influencent les taux de participation et la distribution des votes. En 1992, la participation au r\u00e9f\u00e9rendum fran\u00e7ais sur Maastricht atteint pr\u00e8s de <u>70 % des inscrits<\/u>, le trait\u00e9 \u00e9tant approuv\u00e9 par 51,04 % des suffrages exprim\u00e9s. Les campagnes oratoires des chefs de partis et des pr\u00e9sidents successifs illustrent la dimension performative du discours dans les processus de r\u00e9vision des trait\u00e9s et, par extension, des constitutions nationales.<\/p>\n<h2>Une histoire de la parole politique, de 1789 \u00e0 l\u2019\u00e8re num\u00e9rique<\/h2>\n<p>La forme du discours politique s\u2019est transform\u00e9e avec les r\u00e9gimes, les technologies et les publics. De la <strong>R\u00e9volution fran\u00e7aise<\/strong> aux plateformes de <strong>vid\u00e9os courtes<\/strong>, le m\u00eame enjeu demeure : <u>incarner une vision collective \u00e0 travers une voix identifiable<\/u>. Nous constatons une lente migration de la parole, de la salle close des \u00c9tats g\u00e9n\u00e9raux vers les stades, puis vers les flux de contenus en ligne.<\/p>\n<ul>\n<li><strong>\u00c9poque r\u00e9volutionnaire<\/strong> : domination de l\u2019oralit\u00e9 parlementaire et des pamphlets imprim\u00e9s.<\/li>\n<li><strong> XIXe si\u00e8cle<\/strong> : mont\u00e9e des grands meetings et des journaux de parti.<\/li>\n<li><strong> XXe si\u00e8cle<\/strong> : radio puis t\u00e9l\u00e9vision comme vecteurs principaux.<\/li>\n<li><strong> XXIe si\u00e8cle<\/strong> : d\u00e9multiplication des canaux num\u00e9riques, fragmentation de l\u2019audience.<\/li>\n<\/ul>\n<h3>De la R\u00e9volution fran\u00e7aise aux assembl\u00e9es repr\u00e9sentatives<\/h3>\n<p>Entre 1789 et 1791, des figures comme <strong>Emmanuel\u2011Joseph Siey\u00e8s, abb\u00e9 et th\u00e9oricien politique<\/strong>, ou <strong>Honor\u00e9 Gabriel Riqueti, comte de Mirabeau<\/strong>, prennent la parole devant les \u00c9tats g\u00e9n\u00e9raux puis la <strong>Assembl\u00e9e nationale constituante<\/strong>. Le c\u00e9l\u00e8bre texte  <strong>Qu\u2019est\u2011ce que le Tiers \u00c9tat ?<\/strong> ?, publi\u00e9 d\u00e9but 1789 par <strong>Siey\u00e8s<\/strong>, et ses interventions orales lors des s\u00e9ances de juin 1789, participent \u00e0 l\u2019auto\u2011proclamation des d\u00e9put\u00e9s du tiers comme  <u>repr\u00e9sentants du peuple fran\u00e7ais<\/u> ?. \u00c0 ce moment, le discours ne d\u00e9crit pas seulement une r\u00e9alit\u00e9 nouvelle, il cr\u00e9e juridiquement l\u2019<strong>Assembl\u00e9e nationale<\/strong> contre le cadre monarchique existant.<\/p>\n<p>Au XIXe si\u00e8cle, les assembl\u00e9es \u2013 <strong>Chambre des d\u00e9put\u00e9s<\/strong>, <strong>S\u00e9nat<\/strong>, <strong>Parlement britannique<\/strong>, <strong>Reichstag allemand<\/strong> \u2013 deviennent les sc\u00e8nes principales de la l\u00e9gitimit\u00e9 politique. Les grands orateurs, de <strong>Victor Hugo<\/strong> \u00e0 <strong>Georges Clemenceau<\/strong>, passent par la tribune parlementaire avant d\u2019\u00eatre relay\u00e9s par la presse \u00e9crite. Nous consid\u00e9rons que ce mod\u00e8le, centr\u00e9 sur un espace unique de d\u00e9lib\u00e9ration, structure encore largement l\u2019imaginaire r\u00e9publicain, en particulier en France.<\/p>\n<h3>XXe si\u00e8cle : des foules aux m\u00e9dias de masse<\/h3>\n<p>Au XXe si\u00e8cle, la mont\u00e9e des r\u00e9gimes de masse modifie la pratique du discours politique. Les interventions de <strong>Jean Jaur\u00e8s, d\u00e9put\u00e9 socialiste fran\u00e7ais<\/strong>, \u00e0 la veille de la <strong>Premi\u00e8re Guerre mondiale<\/strong>, ou celles de <strong>Benito Mussolini, chef du gouvernement italien<\/strong>, illustrent deux usages oppos\u00e9s d\u2019une m\u00eame technique : d\u2019un c\u00f4t\u00e9, la d\u00e9fense de la paix et du socialisme d\u00e9mocratique, de l\u2019autre, la construction d\u2019un pouvoir autoritaire fond\u00e9 sur les foules. La radio permet ensuite aux dirigeants d\u2019entrer au domicile des citoyens ; <strong>Franklin D. Roosevelt<\/strong> utilise ses  <strong>fireside chats<\/strong> ? dans les ann\u00e9es 1930 pour expliquer le <strong>New Deal<\/strong> \u00e0 des millions d\u2019Am\u00e9ricains.<\/p>\n<ul>\n<li><strong>Radio<\/strong> : vecteur des appels de <strong>Charles de Gaulle<\/strong> depuis Londres, mais aussi des discours de dirigeants totalitaires en <strong>Allemagne<\/strong> ou en <strong>Union sovi\u00e9tique<\/strong>.<\/li>\n<li><strong>T\u00e9l\u00e9vision<\/strong> : g\u00e9n\u00e9ralisation apr\u00e8s 1945, puis en <strong>France<\/strong> avec l\u2019<strong>ORTF<\/strong>, des allocutions pr\u00e9sidentielles solennelles.<\/li>\n<\/ul>\n<p>Les allocutions t\u00e9l\u00e9vis\u00e9es de crise \u2013 interventions de <strong>John F. Kennedy, pr\u00e9sident des \u00c9tats\u2011Unis<\/strong>, lors de la <strong>crise des missiles de Cuba en octobre 1962<\/strong>, ou discours de <strong>Jacques Chirac<\/strong> lors de la dissolution de l\u2019Assembl\u00e9e nationale en 1997 \u2013 t\u00e9moignent d\u2019une parole directement adress\u00e9e \u00e0 la nation, interpr\u00e9t\u00e9e en temps r\u00e9el par des millions de t\u00e9l\u00e9spectateurs, avec un impact imm\u00e9diat sur les march\u00e9s, l\u2019opinion et les institutions.<\/p>\n<h3>XXIe si\u00e8cle : formats courts et opinion fragment\u00e9e<\/h3>\n<p>Au XXIe si\u00e8cle, la mont\u00e9e des r\u00e9seaux sociaux entra\u00eene un <u>raccourcissement des formats<\/u>. L\u00e0 o\u00f9 un discours de <strong>Charles de Gaulle<\/strong> pouvait durer pr\u00e8s d\u2019une heure, un extrait de 30 secondes d\u2019un discours de <strong>Barack Obama<\/strong> ou de <strong>Emmanuel Macron, pr\u00e9sident de la R\u00e9publique fran\u00e7aise<\/strong>, devient parfois plus connu que le texte int\u00e9gral. Ces  <strong>soundbites<\/strong> ? ou petites phrases sont con\u00e7us pour circuler sur les fils d\u2019actualit\u00e9 et \u00eatre repris dans les journaux t\u00e9l\u00e9vis\u00e9s, ce que nous jugeons parfois contradictoire avec la complexit\u00e9 des enjeux abord\u00e9s.<\/p>\n<ul>\n<li><strong>Temps de parole effectif<\/strong> : sur des plateformes comme <strong>Twitter\/X<\/strong> ou <strong>TikTok<\/strong>, les extraits ne d\u00e9passent souvent pas 60 \u00e0 90 secondes.<\/li>\n<li><strong>Effet<\/strong> : m\u00e9morisation accrue de quelques slogans, mais risque de simplification excessive de dossiers techniques (r\u00e9formes des retraites, trait\u00e9s climatiques, accords commerciaux).<\/li>\n<\/ul>\n<p>Les responsables politiques tentent d\u2019adapter leur ethos \u00e0 ce nouvel environnement en combinant discours classiques (meeting ou allocution officielle) et formats courts (vid\u00e9os verticales, sessions  live ?). En France, les usages de plateformes comme <strong>YouTube<\/strong> par des responsables tels que <strong>Jean\u2011Luc M\u00e9lenchon<\/strong> ou <strong>Jordan Bardella<\/strong> illustrent cette hybridation, o\u00f9 la performance oratoire traditionnelle se prolonge par des clips d\u00e9coup\u00e9s sp\u00e9cifiquement pour les r\u00e9seaux.<\/p>\n<h2>\u00c9tudes de cas : une tradition fran\u00e7aise de grands discours<\/h2>\n<p>La <strong>France<\/strong> poss\u00e8de une tradition oratoire dense, \u00e9troitement li\u00e9e \u00e0 son histoire institutionnelle, des <strong>\u00c9tats g\u00e9n\u00e9raux de 1789<\/strong> \u00e0 la <strong>Ve R\u00e9publique<\/strong>. Nous parcourons ici quelques figures dont les interventions ont marqu\u00e9 l\u2019\u00e9volution de l\u2019<u>\u00c9tat national et des assembl\u00e9es<\/u>.<\/p>\n<ul>\n<li><strong>Dimension nationale<\/strong> : chaque discours participe \u00e0 red\u00e9finir ce que signifie  peuple fran\u00e7ais ?.<\/li>\n<li><strong>Cadre institutionnel<\/strong> : \u00c9tats g\u00e9n\u00e9raux, Conventions, Assembl\u00e9es, pr\u00e9sidence de la R\u00e9publique.<\/li>\n<li><strong>Th\u00e9matiques<\/strong> : souverainet\u00e9, R\u00e9publique, droits sociaux, m\u00e9moire historique.<\/li>\n<\/ul>\n<h3>De Siey\u00e8s \u00e0 Victor Hugo : la matrice r\u00e9publicaine<\/h3>\n<p>Au tournant de 1789, <strong>Siey\u00e8s<\/strong> conceptualise la nation comme <u> l\u2019ensemble des citoyens qui ob\u00e9issent \u00e0 une m\u00eame loi et sont repr\u00e9sent\u00e9s par la m\u00eame l\u00e9gislature ?<\/u>. Ses interventions lors des s\u00e9ances du 15\u201117 juin 1789, o\u00f9 le tiers \u00e9tat se constitue en <strong>Assembl\u00e9e nationale<\/strong>, remplacent progressivement la repr\u00e9sentation par ordres (clerg\u00e9, noblesse, tiers) par l\u2019id\u00e9e d\u2019un peuple unifi\u00e9. Nous estimons que cette s\u00e9rie de discours fonde la tradition fran\u00e7aise d\u2019<strong>identit\u00e9 nationale civique<\/strong>, distincte de l\u2019appartenance dynastique ou religieuse.<\/p>\n<p>Au XIXe si\u00e8cle, <strong>Victor Hugo<\/strong>, \u00e9lu d\u00e9put\u00e9 sous la IIe R\u00e9publique puis s\u00e9nateur sous la IIIe, prononce plusieurs discours majeurs. Ses interventions sur la mis\u00e8re, l\u2019amnistie ou l\u2019Alsace\u2011Lorraine, entre les ann\u00e9es 1850 et 1870, m\u00ealent <strong>litt\u00e9rature<\/strong> et <strong>rh\u00e9torique parlementaire<\/strong>. Sa vision de la <u>R\u00e9publique comme r\u00e9gime de justice sociale et de libert\u00e9 de conscience<\/u> nourrit l\u2019imaginaire de la IIIe R\u00e9publique, au moment o\u00f9 s\u2019affirme la la\u00efcit\u00e9 (loi de s\u00e9paration des \u00c9glises et de l\u2019\u00c9tat en 1905, port\u00e9e sur le plan oratoire par des figures comme <strong>Aristide Briand<\/strong>).<\/p>\n<h3>Grands orateurs de la France contemporaine<\/h3>\n<p>Au XXe si\u00e8cle, <strong>Georges Clemenceau, pr\u00e9sident du Conseil<\/strong> pendant la <strong>Premi\u00e8re Guerre mondiale<\/strong>, incarne la figure de l\u2019 <strong>Tigre<\/strong> ?, capable de galvaniser l\u2019Assembl\u00e9e et l\u2019arm\u00e9e. Ses discours de 1917\u20111918, notamment devant la <strong>Chambre des d\u00e9put\u00e9s<\/strong>, affirment qu\u2019il conduira la guerre  jusqu\u2019au bout ?, ce qui lui permet de tenir une coalition politique fragile. Apr\u00e8s 1940, <strong>Charles de Gaulle<\/strong> devient la figure centrale de la parole nationale : appel \u00e0 la r\u00e9sistance, discours de Bayeux en 1946 sur la future Constitution, allocution de septembre 1958 sur la Ve R\u00e9publique. Nous y voyons une constante : l\u2019association \u00e9troite entre <u>refondation institutionnelle<\/u> et <u>grands moments oratoires<\/u>.<\/p>\n<p>Sous la Ve R\u00e9publique, <strong>Fran\u00e7ois Mitterrand<\/strong> se distingue par plusieurs discours \u00e0 forte tonalit\u00e9 historique. Son discours d\u2019investiture de 1981, ses interventions \u00e0 l\u2019<strong>Assembl\u00e9e nationale<\/strong> sur la d\u00e9centralisation, ou ses prises de parole europ\u00e9ennes \u2013 notamment au <strong>Parlement europ\u00e9en de Strasbourg<\/strong> en 1989 \u2013 mobilisent un r\u00e9cit de la France comme puissance culturelle et politique au service du projet europ\u00e9en. Dans une autre tonalit\u00e9, des figures comme <strong>Robert Badinter<\/strong> ou <strong>Christiane Taubira, garde des Sceaux<\/strong>, marquent la m\u00e9moire par leurs discours sur l\u2019abolition de la peine de mort et la reconnaissance de la traite et de l\u2019esclavage comme crime contre l\u2019humanit\u00e9 (loi de 2001).<\/p>\n<ul>\n<li><strong>Mots\u2011cl\u00e9s institutionnels<\/strong> : France, nation, repr\u00e9sentants du peuple, assembl\u00e9e, Constitution.<\/li>\n<li><strong>Effets concrets<\/strong> : lois m\u00e9morielles, r\u00e9formes p\u00e9nales, transformation du r\u00f4le du <strong>Conseil constitutionnel<\/strong>.<\/li>\n<\/ul>\n<h2>Discours politiques et r\u00e9seaux sociaux : une nouvelle \u00e8re de r\u00e9ception<\/h2>\n<p>L\u2019essor des <strong>m\u00e9dias sociaux<\/strong> \u2013 <strong>Twitter\/X<\/strong>, <strong>Facebook<\/strong>, <strong>YouTube<\/strong>, <strong>TikTok<\/strong>, <strong>Instagram<\/strong> \u2013 modifie \u00e0 la fois la production et la r\u00e9ception des discours politiques. Nous voyons se superposer un <u>discours solennel classique<\/u>, prononc\u00e9 devant une assembl\u00e9e ou en meeting, et une <u>multitude de micro\u2011discours<\/u> con\u00e7us pour circuler dans des flux personnalis\u00e9s. La fronti\u00e8re entre parole institutionnelle et communication de campagne se brouille.<\/p>\n<ul>\n<li><strong>Canaux<\/strong> : retransmissions en direct sur YouTube, extraits sous\u2011titr\u00e9s sur Twitter, stories sur Instagram.<\/li>\n<li><strong>Audience<\/strong> : publics plus jeunes, g\u00e9ographiquement dispers\u00e9s, souvent \u00e9loign\u00e9s des m\u00e9dias traditionnels.<\/li>\n<li><strong>Temporalit\u00e9<\/strong> : r\u00e9actions quasi instantan\u00e9es en commentaires, partages massifs en quelques minutes.<\/li>\n<\/ul>\n<h3>Nouvelles formes de discours, nouvelles audiences<\/h3>\n<p>Les responsables politiques, qu\u2019il s\u2019agisse de <strong>premiers ministres<\/strong>, de <strong>pr\u00e9sidents<\/strong> ou de <strong>leaders d\u2019opposition<\/strong>, utilisent d\u00e9sormais des formats tr\u00e8s courts. Des vid\u00e9os de moins de deux minutes, mont\u00e9es verticalement pour <strong>TikTok<\/strong> ou <strong>Instagram Reels<\/strong>, reprennent un passage percutant d\u2019un d\u00e9bat parlementaire ou d\u2019une conf\u00e9rence de presse. Nous pensons que cette transformation ne signifie pas la fin du grand discours, mais impose une \u00e9criture \u00e0 double niveau : un texte long, destin\u00e9 aux archives et aux institutions, et une s\u00e9rie de segments calibr\u00e9s pour la viralit\u00e9.<\/p>\n<p>Cette \u00e9volution se voit lors des campagnes pr\u00e9sidentielles r\u00e9centes en France, o\u00f9 les \u00e9quipes de communication de candidats comme <strong>Emmanuel Macron<\/strong> ou <strong>Marine Le Pen<\/strong> d\u00e9coupent les meetings en clips th\u00e9matiques, chacun associ\u00e9 \u00e0 un <strong>hashtag<\/strong>, \u00e0 une statistique cl\u00e9 ou \u00e0 un engagement chiffr\u00e9, par exemple une r\u00e9duction du d\u00e9ficit public exprim\u00e9e en pourcentage du PIB, ou une hausse du salaire minimum d\u2019un certain nombre d\u2019euros par mois.<\/p>\n<h3>Amplification, polarisation et enjeux d\u00e9mocratiques<\/h3>\n<p>Les r\u00e9seaux sociaux amplifient certaines s\u00e9quences tout en en invisibilisant d\u2019autres. Une phrase sortie de son contexte, isol\u00e9e d\u2019un long discours de politique g\u00e9n\u00e9rale devant l\u2019Assembl\u00e9e, peut devenir un m\u00e8me, un objet de moquerie ou un signe de ralliement. Nous consid\u00e9rons que cette dynamique accro\u00eet la <u>polarisation<\/u> et expose davantage les responsables publics aux cycles de la  pol\u00e9mique \u00e9clair ?. Elle pose aussi des questions de <strong>d\u00e9sinformation<\/strong>, lorsque des versions tronqu\u00e9es ou mont\u00e9es circulent plus vite que les enregistrements complets mis en ligne par les cha\u00eenes publiques ou les parlementaires.<\/p>\n<ul>\n<li><strong>Risque<\/strong> : r\u00e9duction de d\u00e9bats complexes \u00e0 quelques secondes de vid\u00e9o.<\/li>\n<li><strong>Opportunit\u00e9<\/strong> : participation accrue des citoyens, capacit\u00e9 de contester imm\u00e9diatement la parole officielle.<\/li>\n<li><strong>Enjeu futur<\/strong> : maintien d\u2019espaces de discours longs (parlements, auditions publiques, conf\u00e9rences internationales) dans un environnement domin\u00e9 par les formats ultra\u2011courts.<\/li>\n<\/ul>\n<p>Nous estimons que l\u2019avenir du grand discours politique se jouera dans cette tension : r\u00e9ussir \u00e0 produire des allocutions structurantes, ancr\u00e9es dans les institutions et le droit, tout en acceptant qu\u2019elles seront fragment\u00e9es, comment\u00e9es et r\u00e9interpr\u00e9t\u00e9es \u00e0 l\u2019infini par les publics connect\u00e9s.<\/p>\n<h2>Conclusion : un h\u00e9ritage vivant pour penser l\u2019avenir politique<\/h2>\n<p>Les <strong>discours politiques c\u00e9l\u00e8bres<\/strong> ont fa\u00e7onn\u00e9 des <strong>nations<\/strong>, inspir\u00e9 des <strong>peuples<\/strong>, transform\u00e9 des <strong>constitutions<\/strong> et laiss\u00e9 des empreintes durables dans la m\u00e9moire collective. De <strong>Siey\u00e8s<\/strong> \u00e0 <strong>Nelson Mandela<\/strong>, de <strong>Charles de Gaulle<\/strong> \u00e0 <strong>Barack Obama<\/strong>, nous voyons se dessiner une constante : le besoin d\u2019un <u>r\u00e9cit national ou universel<\/u> qui donne du sens aux crises \u2013 qu\u2019il s\u2019agisse de guerres, de discriminations syst\u00e9miques, de risques climatiques ou de fragilisation d\u00e9mocratique.<\/p>\n<ul>\n<li><strong>Constantes<\/strong> : qu\u00eate de sens, recherche d\u2019incarnation, importance d\u2019un r\u00e9cit commun.<\/li>\n<li><strong>Variables<\/strong> : technologies de diffusion, dur\u00e9e des discours, modes de participation citoyenne.<\/li>\n<li><strong>Enjeux \u00e9mergents<\/strong> : crise climatique mondiale, migrations, mont\u00e9e des r\u00e9gimes illib\u00e9raux, conflits g\u00e9opolitiques renouvel\u00e9s.<\/li>\n<\/ul>\n<p>Nous pensons que les futurs grands discours se joueront autant \u00e0 l\u2019<strong>Assembl\u00e9e g\u00e9n\u00e9rale des Nations unies<\/strong> qu\u2019au sein des <strong>parlements nationaux<\/strong> ou lors de grandes conf\u00e9rences comme les <strong>COP climatiques<\/strong>. Les dirigeants capables d\u2019articuler, avec rigueur et sinc\u00e9rit\u00e9, une vision de la justice climatique, de la r\u00e9gulation du num\u00e9rique ou de la s\u00e9curit\u00e9 collective, laisseront, eux aussi, des phrases reprises pendant des d\u00e9cennies. Nous vous invitons \u00e0 vous interroger sur les allocutions qui vous ont personnellement marqu\u00e9, les formules que vous retenez encore, et sur la mani\u00e8re dont la <u>parole publique<\/u> continue, malgr\u00e9 toutes les \u00e9volutions m\u00e9diatiques, \u00e0 structurer notre avenir collectif.<\/p>\n","protected":false},"excerpt":{"rendered":"","protected":false},"author":1,"featured_media":7680,"comment_status":"open","ping_status":"open","sticky":false,"template":"","format":"standard","meta":{"_acf_changed":false,"manual_indexmenow":false,"indexmenow_id_project":0,"footnotes":""},"categories":[4521],"tags":[4738,4736,4737],"class_list":["post-7678","post","type-post","status-publish","format-standard","has-post-thumbnail","hentry","category-discours-celebres","tag-discours-historiques","tag-discours-politiques","tag-histoire-discours","generate-columns","tablet-grid-50","mobile-grid-100","grid-parent","grid-25"],"acf":[],"yoast_head":"<!-- This site is optimized with the Yoast SEO Premium plugin v21.3 (Yoast SEO v25.6) - https:\/\/yoast.com\/wordpress\/plugins\/seo\/ -->\n<title>Les discours politiques c\u00e9l\u00e8bres qui ont marqu\u00e9 l&#039;Histoire et fa\u00e7onn\u00e9 des nations<\/title>\n<meta name=\"description\" content=\"Discours Politiques C\u00e9l\u00e8bres : Des Messages Qui Ont Marqu\u00e9 l&#039;HistoireLes grands discours qui ont fa\u00e7onn\u00e9 des nations Un grand discours politique devient\" \/>\n<meta name=\"robots\" content=\"index, follow, max-snippet:-1, max-image-preview:large, max-video-preview:-1\" \/>\n<link rel=\"canonical\" href=\"https:\/\/kodesmots.fr\/blog\/discours-celebres\/les-discours-politiques-celebres-qui-ont-marque-lhistoire-et-faconne-des-nations\/\" \/>\n<meta property=\"og:locale\" content=\"fr_FR\" \/>\n<meta property=\"og:type\" content=\"article\" \/>\n<meta property=\"og:title\" content=\"Les discours politiques c\u00e9l\u00e8bres qui ont marqu\u00e9 l&#039;Histoire et fa\u00e7onn\u00e9 des nations\" \/>\n<meta property=\"og:description\" content=\"Discours Politiques C\u00e9l\u00e8bres : Des Messages Qui Ont Marqu\u00e9 l&#039;HistoireLes grands discours qui ont fa\u00e7onn\u00e9 des nations Un grand discours politique devient\" \/>\n<meta property=\"og:url\" content=\"https:\/\/kodesmots.fr\/blog\/discours-celebres\/les-discours-politiques-celebres-qui-ont-marque-lhistoire-et-faconne-des-nations\/\" \/>\n<meta property=\"og:site_name\" content=\"kodesmots\" \/>\n<meta property=\"og:image\" content=\"https:\/\/kodesmots.fr\/blog\/wp-content\/uploads\/2025\/12\/pag-image-694028f4354d3-scaled.png\" \/>\n\t<meta property=\"og:image:width\" content=\"1200\" \/>\n\t<meta property=\"og:image:height\" content=\"686\" \/>\n\t<meta property=\"og:image:type\" content=\"image\/png\" \/>\n<meta name=\"twitter:card\" content=\"summary_large_image\" \/>\n<script type=\"application\/ld+json\" class=\"yoast-schema-graph\">{\"@context\":\"https:\/\/schema.org\",\"@graph\":[{\"@type\":\"NewsArticle\",\"@id\":\"https:\/\/kodesmots.fr\/blog\/discours-celebres\/les-discours-politiques-celebres-qui-ont-marque-lhistoire-et-faconne-des-nations\/#article\",\"isPartOf\":{\"@id\":\"https:\/\/kodesmots.fr\/blog\/discours-celebres\/les-discours-politiques-celebres-qui-ont-marque-lhistoire-et-faconne-des-nations\/\"},\"author\":{\"name\":\"\",\"@id\":\"\"},\"headline\":\"Les discours politiques c\u00e9l\u00e8bres qui ont marqu\u00e9 l&rsquo;Histoire et fa\u00e7onn\u00e9 des nations\",\"datePublished\":\"2026-01-26T08:18:00+00:00\",\"mainEntityOfPage\":{\"@id\":\"https:\/\/kodesmots.fr\/blog\/discours-celebres\/les-discours-politiques-celebres-qui-ont-marque-lhistoire-et-faconne-des-nations\/\"},\"wordCount\":4618,\"commentCount\":0,\"publisher\":{\"@id\":\"https:\/\/kodesmots.fr\/blog\/#organization\"},\"image\":{\"@id\":\"https:\/\/kodesmots.fr\/blog\/discours-celebres\/les-discours-politiques-celebres-qui-ont-marque-lhistoire-et-faconne-des-nations\/#primaryimage\"},\"thumbnailUrl\":\"https:\/\/kodesmots.fr\/blog\/wp-content\/uploads\/2025\/12\/pag-image-694028f4354d3-scaled.png\",\"keywords\":[\"discours historiques\",\"discours politiques\",\"histoire discours\"],\"articleSection\":[\"Discours C\u00e9l\u00e8bres\"],\"inLanguage\":\"fr-FR\",\"potentialAction\":[{\"@type\":\"CommentAction\",\"name\":\"Comment\",\"target\":[\"https:\/\/kodesmots.fr\/blog\/discours-celebres\/les-discours-politiques-celebres-qui-ont-marque-lhistoire-et-faconne-des-nations\/#respond\"]}]},{\"@type\":\"WebPage\",\"@id\":\"https:\/\/kodesmots.fr\/blog\/discours-celebres\/les-discours-politiques-celebres-qui-ont-marque-lhistoire-et-faconne-des-nations\/\",\"url\":\"https:\/\/kodesmots.fr\/blog\/discours-celebres\/les-discours-politiques-celebres-qui-ont-marque-lhistoire-et-faconne-des-nations\/\",\"name\":\"Les discours politiques c\u00e9l\u00e8bres qui ont marqu\u00e9 l'Histoire et fa\u00e7onn\u00e9 des nations\",\"isPartOf\":{\"@id\":\"https:\/\/kodesmots.fr\/blog\/#website\"},\"primaryImageOfPage\":{\"@id\":\"https:\/\/kodesmots.fr\/blog\/discours-celebres\/les-discours-politiques-celebres-qui-ont-marque-lhistoire-et-faconne-des-nations\/#primaryimage\"},\"image\":{\"@id\":\"https:\/\/kodesmots.fr\/blog\/discours-celebres\/les-discours-politiques-celebres-qui-ont-marque-lhistoire-et-faconne-des-nations\/#primaryimage\"},\"thumbnailUrl\":\"https:\/\/kodesmots.fr\/blog\/wp-content\/uploads\/2025\/12\/pag-image-694028f4354d3-scaled.png\",\"datePublished\":\"2026-01-26T08:18:00+00:00\",\"description\":\"Discours Politiques C\u00e9l\u00e8bres : Des Messages Qui Ont Marqu\u00e9 l'HistoireLes grands discours qui ont fa\u00e7onn\u00e9 des nations Un grand discours politique devient\",\"inLanguage\":\"fr-FR\",\"potentialAction\":[{\"@type\":\"ReadAction\",\"target\":[\"https:\/\/kodesmots.fr\/blog\/discours-celebres\/les-discours-politiques-celebres-qui-ont-marque-lhistoire-et-faconne-des-nations\/\"]}]},{\"@type\":\"ImageObject\",\"inLanguage\":\"fr-FR\",\"@id\":\"https:\/\/kodesmots.fr\/blog\/discours-celebres\/les-discours-politiques-celebres-qui-ont-marque-lhistoire-et-faconne-des-nations\/#primaryimage\",\"url\":\"https:\/\/kodesmots.fr\/blog\/wp-content\/uploads\/2025\/12\/pag-image-694028f4354d3-scaled.png\",\"contentUrl\":\"https:\/\/kodesmots.fr\/blog\/wp-content\/uploads\/2025\/12\/pag-image-694028f4354d3-scaled.png\",\"width\":1200,\"height\":686,\"caption\":\"Image g\u00e9n\u00e9r\u00e9e par IA optimis\u00e9e pour Google Discover\"},{\"@type\":\"WebSite\",\"@id\":\"https:\/\/kodesmots.fr\/blog\/#website\",\"url\":\"https:\/\/kodesmots.fr\/blog\/\",\"name\":\"kodesmots.fr\",\"description\":\"Kodesmots, d\u00e9codez le pouvoir des mots\",\"publisher\":{\"@id\":\"https:\/\/kodesmots.fr\/blog\/#organization\"},\"alternateName\":\"Kodesmots, d\u00e9codez le pouvoir des mots\",\"potentialAction\":[{\"@type\":\"SearchAction\",\"target\":{\"@type\":\"EntryPoint\",\"urlTemplate\":\"https:\/\/kodesmots.fr\/blog\/?s={search_term_string}\"},\"query-input\":{\"@type\":\"PropertyValueSpecification\",\"valueRequired\":true,\"valueName\":\"search_term_string\"}}],\"inLanguage\":\"fr-FR\"},{\"@type\":\"Organization\",\"@id\":\"https:\/\/kodesmots.fr\/blog\/#organization\",\"name\":\"Foretsensations.fr\",\"url\":\"https:\/\/kodesmots.fr\/blog\/\",\"logo\":{\"@type\":\"ImageObject\",\"inLanguage\":\"fr-FR\",\"@id\":\"https:\/\/kodesmots.fr\/blog\/#\/schema\/logo\/image\/\",\"url\":\"https:\/\/kodesmots.fr\/blog\/wp-content\/uploads\/2024\/12\/koDesMots.png\",\"contentUrl\":\"https:\/\/kodesmots.fr\/blog\/wp-content\/uploads\/2024\/12\/koDesMots.png\",\"width\":500,\"height\":500,\"caption\":\"Foretsensations.fr\"},\"image\":{\"@id\":\"https:\/\/kodesmots.fr\/blog\/#\/schema\/logo\/image\/\"}},{\"@type\":\"Person\",\"@id\":\"\",\"url\":\"https:\/\/kodesmots.fr\/blog\/auteur\/\"}]}<\/script>\n<!-- \/ Yoast SEO Premium plugin. -->","yoast_head_json":{"title":"Les discours politiques c\u00e9l\u00e8bres qui ont marqu\u00e9 l'Histoire et fa\u00e7onn\u00e9 des nations","description":"Discours Politiques C\u00e9l\u00e8bres : Des Messages Qui Ont Marqu\u00e9 l'HistoireLes grands discours qui ont fa\u00e7onn\u00e9 des nations Un grand discours politique devient","robots":{"index":"index","follow":"follow","max-snippet":"max-snippet:-1","max-image-preview":"max-image-preview:large","max-video-preview":"max-video-preview:-1"},"canonical":"https:\/\/kodesmots.fr\/blog\/discours-celebres\/les-discours-politiques-celebres-qui-ont-marque-lhistoire-et-faconne-des-nations\/","og_locale":"fr_FR","og_type":"article","og_title":"Les discours politiques c\u00e9l\u00e8bres qui ont marqu\u00e9 l'Histoire et fa\u00e7onn\u00e9 des nations","og_description":"Discours Politiques C\u00e9l\u00e8bres : Des Messages Qui Ont Marqu\u00e9 l'HistoireLes grands discours qui ont fa\u00e7onn\u00e9 des nations Un grand discours politique devient","og_url":"https:\/\/kodesmots.fr\/blog\/discours-celebres\/les-discours-politiques-celebres-qui-ont-marque-lhistoire-et-faconne-des-nations\/","og_site_name":"kodesmots","og_image":[{"width":1200,"height":686,"url":"https:\/\/kodesmots.fr\/blog\/wp-content\/uploads\/2025\/12\/pag-image-694028f4354d3-scaled.png","type":"image\/png"}],"twitter_card":"summary_large_image","schema":{"@context":"https:\/\/schema.org","@graph":[{"@type":"NewsArticle","@id":"https:\/\/kodesmots.fr\/blog\/discours-celebres\/les-discours-politiques-celebres-qui-ont-marque-lhistoire-et-faconne-des-nations\/#article","isPartOf":{"@id":"https:\/\/kodesmots.fr\/blog\/discours-celebres\/les-discours-politiques-celebres-qui-ont-marque-lhistoire-et-faconne-des-nations\/"},"author":{"name":"","@id":""},"headline":"Les discours politiques c\u00e9l\u00e8bres qui ont marqu\u00e9 l&rsquo;Histoire et fa\u00e7onn\u00e9 des nations","datePublished":"2026-01-26T08:18:00+00:00","mainEntityOfPage":{"@id":"https:\/\/kodesmots.fr\/blog\/discours-celebres\/les-discours-politiques-celebres-qui-ont-marque-lhistoire-et-faconne-des-nations\/"},"wordCount":4618,"commentCount":0,"publisher":{"@id":"https:\/\/kodesmots.fr\/blog\/#organization"},"image":{"@id":"https:\/\/kodesmots.fr\/blog\/discours-celebres\/les-discours-politiques-celebres-qui-ont-marque-lhistoire-et-faconne-des-nations\/#primaryimage"},"thumbnailUrl":"https:\/\/kodesmots.fr\/blog\/wp-content\/uploads\/2025\/12\/pag-image-694028f4354d3-scaled.png","keywords":["discours historiques","discours politiques","histoire discours"],"articleSection":["Discours C\u00e9l\u00e8bres"],"inLanguage":"fr-FR","potentialAction":[{"@type":"CommentAction","name":"Comment","target":["https:\/\/kodesmots.fr\/blog\/discours-celebres\/les-discours-politiques-celebres-qui-ont-marque-lhistoire-et-faconne-des-nations\/#respond"]}]},{"@type":"WebPage","@id":"https:\/\/kodesmots.fr\/blog\/discours-celebres\/les-discours-politiques-celebres-qui-ont-marque-lhistoire-et-faconne-des-nations\/","url":"https:\/\/kodesmots.fr\/blog\/discours-celebres\/les-discours-politiques-celebres-qui-ont-marque-lhistoire-et-faconne-des-nations\/","name":"Les discours politiques c\u00e9l\u00e8bres qui ont marqu\u00e9 l'Histoire et fa\u00e7onn\u00e9 des nations","isPartOf":{"@id":"https:\/\/kodesmots.fr\/blog\/#website"},"primaryImageOfPage":{"@id":"https:\/\/kodesmots.fr\/blog\/discours-celebres\/les-discours-politiques-celebres-qui-ont-marque-lhistoire-et-faconne-des-nations\/#primaryimage"},"image":{"@id":"https:\/\/kodesmots.fr\/blog\/discours-celebres\/les-discours-politiques-celebres-qui-ont-marque-lhistoire-et-faconne-des-nations\/#primaryimage"},"thumbnailUrl":"https:\/\/kodesmots.fr\/blog\/wp-content\/uploads\/2025\/12\/pag-image-694028f4354d3-scaled.png","datePublished":"2026-01-26T08:18:00+00:00","description":"Discours Politiques C\u00e9l\u00e8bres : Des Messages Qui Ont Marqu\u00e9 l'HistoireLes grands discours qui ont fa\u00e7onn\u00e9 des nations Un grand discours politique devient","inLanguage":"fr-FR","potentialAction":[{"@type":"ReadAction","target":["https:\/\/kodesmots.fr\/blog\/discours-celebres\/les-discours-politiques-celebres-qui-ont-marque-lhistoire-et-faconne-des-nations\/"]}]},{"@type":"ImageObject","inLanguage":"fr-FR","@id":"https:\/\/kodesmots.fr\/blog\/discours-celebres\/les-discours-politiques-celebres-qui-ont-marque-lhistoire-et-faconne-des-nations\/#primaryimage","url":"https:\/\/kodesmots.fr\/blog\/wp-content\/uploads\/2025\/12\/pag-image-694028f4354d3-scaled.png","contentUrl":"https:\/\/kodesmots.fr\/blog\/wp-content\/uploads\/2025\/12\/pag-image-694028f4354d3-scaled.png","width":1200,"height":686,"caption":"Image g\u00e9n\u00e9r\u00e9e par IA optimis\u00e9e pour Google Discover"},{"@type":"WebSite","@id":"https:\/\/kodesmots.fr\/blog\/#website","url":"https:\/\/kodesmots.fr\/blog\/","name":"kodesmots.fr","description":"Kodesmots, d\u00e9codez le pouvoir des mots","publisher":{"@id":"https:\/\/kodesmots.fr\/blog\/#organization"},"alternateName":"Kodesmots, d\u00e9codez le pouvoir des mots","potentialAction":[{"@type":"SearchAction","target":{"@type":"EntryPoint","urlTemplate":"https:\/\/kodesmots.fr\/blog\/?s={search_term_string}"},"query-input":{"@type":"PropertyValueSpecification","valueRequired":true,"valueName":"search_term_string"}}],"inLanguage":"fr-FR"},{"@type":"Organization","@id":"https:\/\/kodesmots.fr\/blog\/#organization","name":"Foretsensations.fr","url":"https:\/\/kodesmots.fr\/blog\/","logo":{"@type":"ImageObject","inLanguage":"fr-FR","@id":"https:\/\/kodesmots.fr\/blog\/#\/schema\/logo\/image\/","url":"https:\/\/kodesmots.fr\/blog\/wp-content\/uploads\/2024\/12\/koDesMots.png","contentUrl":"https:\/\/kodesmots.fr\/blog\/wp-content\/uploads\/2024\/12\/koDesMots.png","width":500,"height":500,"caption":"Foretsensations.fr"},"image":{"@id":"https:\/\/kodesmots.fr\/blog\/#\/schema\/logo\/image\/"}},{"@type":"Person","@id":"","url":"https:\/\/kodesmots.fr\/blog\/auteur\/"}]}},"_links":{"self":[{"href":"https:\/\/kodesmots.fr\/blog\/wp-json\/wp\/v2\/posts\/7678","targetHints":{"allow":["GET"]}}],"collection":[{"href":"https:\/\/kodesmots.fr\/blog\/wp-json\/wp\/v2\/posts"}],"about":[{"href":"https:\/\/kodesmots.fr\/blog\/wp-json\/wp\/v2\/types\/post"}],"author":[{"embeddable":true,"href":"https:\/\/kodesmots.fr\/blog\/wp-json\/wp\/v2\/users\/1"}],"replies":[{"embeddable":true,"href":"https:\/\/kodesmots.fr\/blog\/wp-json\/wp\/v2\/comments?post=7678"}],"version-history":[{"count":1,"href":"https:\/\/kodesmots.fr\/blog\/wp-json\/wp\/v2\/posts\/7678\/revisions"}],"predecessor-version":[{"id":7726,"href":"https:\/\/kodesmots.fr\/blog\/wp-json\/wp\/v2\/posts\/7678\/revisions\/7726"}],"wp:featuredmedia":[{"embeddable":true,"href":"https:\/\/kodesmots.fr\/blog\/wp-json\/wp\/v2\/media\/7680"}],"wp:attachment":[{"href":"https:\/\/kodesmots.fr\/blog\/wp-json\/wp\/v2\/media?parent=7678"}],"wp:term":[{"taxonomy":"category","embeddable":true,"href":"https:\/\/kodesmots.fr\/blog\/wp-json\/wp\/v2\/categories?post=7678"},{"taxonomy":"post_tag","embeddable":true,"href":"https:\/\/kodesmots.fr\/blog\/wp-json\/wp\/v2\/tags?post=7678"}],"curies":[{"name":"wp","href":"https:\/\/api.w.org\/{rel}","templated":true}]}}