{"id":7681,"date":"2026-01-29T09:49:00","date_gmt":"2026-01-29T08:49:00","guid":{"rendered":"https:\/\/kodesmots.fr\/blog\/?p=7681"},"modified":"2026-01-29T09:49:00","modified_gmt":"2026-01-29T08:49:00","slug":"limpact-des-citations-politiques-de-voltaire-sur-la-pensee-moderne","status":"publish","type":"post","link":"https:\/\/kodesmots.fr\/blog\/figures-politiques-et-leurs-slogans\/limpact-des-citations-politiques-de-voltaire-sur-la-pensee-moderne\/","title":{"rendered":"L\u2019impact des citations politiques de Voltaire sur la pens\u00e9e moderne"},"content":{"rendered":"<h1>Voltaire : Citations politiques et leur impact \u00e0 travers les si\u00e8cles<\/h1>\n<h2>Contexte historique et politique de la pens\u00e9e de Voltaire<\/h2>\n<p>\nN\u00e9 en <strong>1694<\/strong> \u00e0 <strong>Paris, Royaume de France<\/strong>, <strong>Fran\u00e7ois-Marie Arouet<\/strong> grandit sous le r\u00e9gime de la <strong>monarchie absolue de droit divin<\/strong>, structur\u00e9 par les institutions de la <strong>cour de Versailles<\/strong> et le poids consid\u00e9rable de l\u2019<strong>\u00c9glise catholique<\/strong>. La censure royale, les <strong>lettres de cachet<\/strong>, l\u2019in\u00e9galit\u00e9 juridique entre les trois ordres (clerg\u00e9, noblesse, tiers \u00e9tat) d\u00e9finissent un environnement o\u00f9 la <u>libert\u00e9 d\u2019expression est juridiquement fragile<\/u> et o\u00f9 l\u2019<strong>arbitraire judiciaire<\/strong> reste fr\u00e9quent. Deux s\u00e9jours \u00e0 la <strong>Bastille<\/strong> au d\u00e9but des ann\u00e9es <strong>1717<\/strong> et <strong>1726<\/strong> pour des \u00e9crits jug\u00e9s insultants envers des puissants, puis un long exil en <strong>Angleterre<\/strong> entre <strong>1726<\/strong> et <strong>1729<\/strong>, marquent profond\u00e9ment son rapport au pouvoir. Il y d\u00e9couvre, \u00e0 <strong>Londres<\/strong>, un r\u00e9gime de <strong>monarchie parlementaire<\/strong>, la pratique du d\u00e9bat au <strong>Parliament of Great Britain<\/strong>, une presse plus libre et un pluralisme religieux relatif, qui nourrissent sa r\u00e9flexion sur la comparaison des syst\u00e8mes politiques.\n<\/p>\n<p>\n\u00c0 partir des ann\u00e9es <strong>1750<\/strong>, l\u2019installation de Voltaire \u00e0 <strong>Ferney<\/strong>, aux confins de la <strong>France<\/strong> et de la <strong>Suisse<\/strong>, en fait une sorte de centre officieux de consultation intellectuelle pour r\u00e9formateurs, magistrats et voyageurs \u00e9clair\u00e9s. Il intervient alors directement dans des affaires judiciaires embl\u00e9matiques \u2013 <strong>affaire Calas (1762)<\/strong>, <strong>affaire Sirven (1764)<\/strong>, ex\u00e9cution du chevalier <strong>de La Barre en 1766<\/strong> \u00e0 <strong>Abbeville<\/strong> \u2013 pour d\u00e9noncer la combinaison meurtri\u00e8re d\u2019<strong>intol\u00e9rance religieuse<\/strong> et de <strong>justice d\u2019Ancien R\u00e9gime<\/strong>. Ces combats, men\u00e9s par une intense correspondance avec des magistrats, des ministres et des souverains, l\u2019am\u00e8nent \u00e0 \u00e9laborer une strat\u00e9gie politique subtile : <u>peser sur les d\u00e9cisions sans occuper de fonction officielle<\/u>, en mobilisant l\u2019<strong>opinion publique naissante<\/strong> par des pamphlets, des contes et des lettres ouvertes. Sans ce contexte de <strong>monarchie absolue finissante<\/strong>, de mont\u00e9e des tensions pr\u00e9-r\u00e9volutionnaires et de d\u00e9veloppement des <strong>Lumi\u00e8res<\/strong> en <strong>Europe<\/strong>, ses citations sur la <strong>politique<\/strong>, la <strong>justice<\/strong> ou la <strong>tyrannie<\/strong> n\u2019auraient ni la m\u00eame port\u00e9e, ni le m\u00eame tranchant.\n<\/p>\n<ul>\n<li>Exp\u00e9riences biographiques structurantes : <strong>Bastille<\/strong>, exil en <strong>Angleterre<\/strong>, installation \u00e0 <strong>Ferney<\/strong>.<\/li>\n<li>Affaires judiciaires majeures : <strong>Calas<\/strong>, <strong>Sirven<\/strong>, <strong>La Barre<\/strong>, li\u00e9es \u00e0 l\u2019<strong>intol\u00e9rance religieuse<\/strong>.<\/li>\n<li>Strat\u00e9gie de <u>contournement du pouvoir<\/u> par l\u2019<strong>opinion publique<\/strong> et la circulation des \u00e9crits.<\/li>\n<\/ul>\n<h2>Les grandes citations politiques de Voltaire : th\u00e8mes et sources<\/h2>\n<p>\nLe corpus de <strong>citations politiques de Voltaire<\/strong> couvre un spectre large, de la critique de la <strong>politique<\/strong> comme m\u00e9tier \u00e0 la d\u00e9fense du <strong>droit d\u2019expression<\/strong>. On retrouve, dans des recueils comme <strong> Le Sottisier ?<\/strong> ou dans des fragments regroup\u00e9s sous les titres <strong> Politique et l\u00e9gislation ?<\/strong>, des formules devenues classiques, telles que :  <strong>La politique a sa source dans la perversit\u00e9 plus que dans la grandeur de l\u2019esprit humain<\/strong> ? ou  <strong>La politique est l\u2019art de mentir \u00e0 propos<\/strong> ?[4][3]. Ces phrases condensent une vision particuli\u00e8rement lucide \u2013 certains diraient cynique \u2013 de l\u2019action gouvernementale, vue comme un espace de calcul, de dissimulation et d\u2019int\u00e9r\u00eat plut\u00f4t que de vertu. Dans la m\u00eame veine, la maxime  <strong>On a trouv\u00e9, en bonne politique, le secret de faire mourir de faim ceux qui, en cultivant la terre, font vivre les autres<\/strong> ? met \u00e0 nu les d\u00e9s\u00e9quilibres structurels entre paysans producteurs et \u00e9lites urbaines consommatrices[3]. \u00c0 nos yeux, cette capacit\u00e9 \u00e0 r\u00e9v\u00e9ler l\u2019injustice \u00e9conomique par une formule lapidaire explique en grande partie la long\u00e9vit\u00e9 de ces citations.\n<\/p>\n<p>\nUn autre foyer d\u00e9cisif de la pens\u00e9e voltairienne concerne la <strong>libert\u00e9 d\u2019expression<\/strong> et les <strong>droits fondamentaux<\/strong>. On peut lire, dans un texte souvent cit\u00e9 par les historiens du droit :  <strong>Le droit de dire et d\u2019imprimer ce que nous pensons est le droit de tout homme libre, dont on ne saurait le priver sans exercer la tyrannie la plus odieuse<\/strong> ?[4]. <u>Cette phrase constitue l\u2019une des formulations les plus claires, au XVIIIe si\u00e8cle, d\u2019un droit subjectif \u00e0 l\u2019expression publique<\/u>, que les constituants de <strong>1789<\/strong> reprendront dans la <strong>D\u00e9claration des droits de l\u2019homme et du citoyen<\/strong>. Il faut y ajouter une nuance cruciale : la fameuse formule  Je ne suis pas d\u2019accord avec ce que vous dites, mais je me battrai jusqu\u2019\u00e0 la mort pour que vous ayez le droit de le dire ? est, comme l\u2019a montr\u00e9 le site <strong>Projet Voltaire<\/strong> en <strong>2017<\/strong>, une construction tardive de l\u2019auteure britannique <strong>Evelyn Beatrice Hall<\/strong> publi\u00e9e en <strong>1906<\/strong>, et non une phrase authentique de Voltaire[8]. La fr\u00e9quence de cette fausse attribution dans les m\u00e9dias et sur les r\u00e9seaux sociaux montre combien nous cherchons \u00e0 cristalliser, sous une forme simple, la position voltairienne sur la tol\u00e9rance.\n<\/p>\n<ul>\n<li><u>Citations-cl\u00e9s sur la politique<\/u> :  <strong>La politique est l\u2019art de mentir \u00e0 propos<\/strong> ?,  <strong>La politique a sa source dans la perversit\u00e9\u2026<\/strong> ?[3][4].<\/li>\n<li><u>Citations sur la justice et l\u2019\u00e9conomie<\/u> :  <strong>On a trouv\u00e9, en bonne politique, le secret de faire mourir de faim ceux qui\u2026<\/strong> ?[3].<\/li>\n<li><u>Citations sur la libert\u00e9 d\u2019expression<\/u> :  <strong>Le droit de dire et d\u2019imprimer ce que nous pensons\u2026<\/strong> ? ; distinction n\u00e9cessaire entre citations authentiques et apocryphes[4][8].<\/li>\n<\/ul>\n<h2>Une critique syst\u00e9matique du pouvoir et de ses abus<\/h2>\n<p>\nLes citations de Voltaire sur la <strong>politique<\/strong> prennent tout leur sens lorsqu\u2019on les relie \u00e0 sa critique globale des diff\u00e9rentes formes d\u2019<strong>autorit\u00e9<\/strong>. Sa r\u00e9flexion sur le <strong>despotisme<\/strong> et l\u2019<strong>anarchie<\/strong>, qu\u2019il d\u00e9finit comme les  abus ? respectifs de la royaut\u00e9 et de la d\u00e9mocratie, t\u00e9moigne d\u2019une sensibilit\u00e9 aigu? au risque d\u2019<u>exc\u00e8s de pouvoir, quel qu\u2019en soit le d\u00e9tenteur<\/u>[1]. L\u2019aphorisme  <strong>Comme le despotisme est l\u2019abus de la royaut\u00e9, l\u2019anarchie est l\u2019abus de la d\u00e9mocratie<\/strong> ? place sa pens\u00e9e \u00e0 \u00e9gale distance d\u2019un absolutisme sans contr\u00f4le et d\u2019une toute-puissance de la foule, que l\u2019on retrouve dans son jugement tranchant :  <strong>Quand la populace se m\u00eale de raisonner, tout est perdu<\/strong> ?[1][2]. Nous mesurons, \u00e0 la lumi\u00e8re des analyses contemporaines sur le <strong>populisme<\/strong>, \u00e0 quel point ces phrases continuent d\u2019alimenter un d\u00e9bat sur la capacit\u00e9 du peuple \u00e0 se gouverner lui-m\u00eame et sur la n\u00e9cessit\u00e9 de m\u00e9diations institutionnelles.\n<\/p>\n<p>\nVoltaire ne r\u00e9serve pas ses attaques aux seuls monarques. Les institutions judiciaires et religieuses, des <strong>Parlements provinciaux<\/strong> aux tribunaux eccl\u00e9siastiques, sont fr\u00e9quemment vis\u00e9s. Sa d\u00e9nonciation de la <strong>torture<\/strong>, des <strong>proc\u00e8s en blasph\u00e8me<\/strong> et de la collusion entre clerg\u00e9 et magistrature dans l\u2019<strong>affaire Calas<\/strong> s\u2019inscrit dans une perspective o\u00f9 le pouvoir se d\u00e9finit moins par son titulaire que par ses pratiques. Dans ses <strong> Pens\u00e9es sur le gouvernement ?<\/strong> et ses interventions sur la <strong>R\u00e9publique<\/strong>, il peut affirmer :  <strong>Une r\u00e9publique n\u2019est point fond\u00e9e sur la vertu ; elle l\u2019est sur l\u2019ambition de chaque citoyen, qui contient l\u2019ambition des autres<\/strong> ?[4]. <u>Cette vision d\u00e9senchant\u00e9e de la nature humaine fonde sa pr\u00e9f\u00e9rence pour les  monarchies \u00e9clair\u00e9es ?<\/u>, comme celles de <strong>Fr\u00e9d\u00e9ric II de Prusse<\/strong> ou de <strong>Catherine II de Russie<\/strong>, avec lesquels il entretient une correspondance soutenue. Nous pensons que cette tension \u2013 critique radicale de l\u2019abus de pouvoir, mais recherche d\u2019alliances avec des souverains r\u00e9formateurs \u2013 constitue l\u2019un des aspects les plus f\u00e9conds, et les plus ambigus, de son h\u00e9ritage politique.\n<\/p>\n<ul>\n<li>Critique sym\u00e9trique des abus de <strong>royaut\u00e9<\/strong> et d\u2019<strong>anarchie<\/strong>, vision m\u00e9fiante du <strong>populace<\/strong>[1][2].<\/li>\n<li>Attaque constante des pouvoirs judiciaire et religieux lorsqu\u2019ils pratiquent l\u2019<u>arbitraire<\/u>.<\/li>\n<li>Dialogue strat\u00e9gique avec les <strong>monarques \u00e9clair\u00e9s<\/strong> de <strong>Prusse<\/strong> et de <strong>Russie<\/strong>, r\u00e9v\u00e9lateur d\u2019une pens\u00e9e politique pragmatique.<\/li>\n<\/ul>\n<h2>Actualit\u00e9 des citations de Voltaire dans la vie politique contemporaine<\/h2>\n<p>\nLes formules de Voltaire sur la <strong>politique<\/strong>, la <strong>libert\u00e9 d\u2019expression<\/strong> et la <strong>justice<\/strong> connaissent, depuis les ann\u00e9es <strong>1980<\/strong>, un regain d\u2019usage dans les discours parlementaires, les \u00e9ditoriaux et les d\u00e9bats sur la <strong>la\u00efcit\u00e9<\/strong> en <strong>France<\/strong>. Apr\u00e8s la loi de <strong>1905<\/strong> de s\u00e9paration des \u00c9glises et de l\u2019\u00c9tat, sa figure a \u00e9t\u00e9 r\u00e9guli\u00e8rement mobilis\u00e9e par des responsables comme <strong>Jean Jaur\u00e8s, d\u00e9put\u00e9 socialiste<\/strong>, puis, au XXIe si\u00e8cle, par des pr\u00e9sidents comme <strong>Fran\u00e7ois Hollande<\/strong> ou <strong>Emmanuel Macron, pr\u00e9sident de la R\u00e9publique fran\u00e7aise<\/strong>, lors de comm\u00e9morations li\u00e9es \u00e0 la <strong>libert\u00e9 de la presse<\/strong> ou \u00e0 la lutte contre le <strong>fanatisme religieux<\/strong>. Les citations sur la libert\u00e9 de publier, sur le refus de l\u2019<strong>intol\u00e9rance<\/strong> et sur la n\u00e9cessit\u00e9 de prot\u00e9ger les minorit\u00e9s pers\u00e9cut\u00e9es se retrouvent dans les d\u00e9bats autour de lois telles que la loi de <strong>1881<\/strong> sur la libert\u00e9 de la presse, ou dans les controverses r\u00e9centes concernant les caricatures et la libert\u00e9 de satire, particuli\u00e8rement apr\u00e8s les attentats contre <strong>Charlie Hebdo<\/strong> en <strong>2015 \u00e0 Paris<\/strong>. \u00c0 l\u2019\u00e9chelle internationale, des responsables comme <strong>Justin Trudeau, Premier ministre du Canada<\/strong>, ont cit\u00e9 l\u2019h\u00e9ritage des <strong>Lumi\u00e8res<\/strong> et de Voltaire dans des allocutions sur la tol\u00e9rance et la diversit\u00e9.\n<\/p>\n<p>\nLa perception tr\u00e8s critique de la <strong>classe politique<\/strong> dans les d\u00e9mocraties occidentales, illustr\u00e9e par des enqu\u00eates d\u2019opinion en <strong>France<\/strong> o\u00f9 la confiance dans les partis tombe souvent sous le seuil de <u>20 % de satisfaction<\/u>, donne une r\u00e9sonance particuli\u00e8re aux formules voltairiennes d\u00e9crivant la politique comme un lieu de  perversit\u00e9 ? ou de mensonge calcul\u00e9[3][4]. Nous constatons, dans les campagnes militantes contre la <strong>corruption<\/strong> ou l\u2019<strong>\u00e9vasion fiscale<\/strong>, que des associations comme <strong>Transparency International France<\/strong> ou des ONG de d\u00e9fense des <strong>droit humains<\/strong> citent volontiers Voltaire pour d\u00e9noncer des situations jug\u00e9es proches de l\u2019<u>ancien r\u00e9gime des privil\u00e8ges<\/u>. Les \u00e9tudes sur l\u2019influence des <strong>Lumi\u00e8res<\/strong>, men\u00e9es par des institutions comme le <strong>CNRS<\/strong> ou l\u2019<strong>Universit\u00e9 Paris 1 Panth\u00e9on-Sorbonne<\/strong>, soulignent le r\u00f4le de Voltaire dans la construction d\u2019une culture politique fond\u00e9e sur la <strong>rationalit\u00e9 critique<\/strong>, la contestation argument\u00e9e et la d\u00e9fense de l\u2019<strong>\u00c9tat de droit<\/strong>. \u00c0 notre avis, cette actualit\u00e9 tient moins \u00e0 un  culte de l\u2019auteur ? qu\u2019\u00e0 la capacit\u00e9 de ses citations \u00e0 offrir des outils simples pour diagnostiquer des pathologies r\u00e9currentes de la vie publique.\n<\/p>\n<ul>\n<li>Usage r\u00e9current dans les discours pr\u00e9sidentiels et parlementaires fran\u00e7ais, notamment apr\u00e8s <u>2015<\/u>.<\/li>\n<li>Mobilisation par des ONG comme <strong>Transparency International<\/strong> dans les campagnes contre la <strong>corruption<\/strong>.<\/li>\n<li>Analyses acad\u00e9miques sur l\u2019impact des <strong>Lumi\u00e8res<\/strong> dans les <strong>d\u00e9mocraties lib\u00e9rales<\/strong>, port\u00e9es par le <strong>CNRS<\/strong> et de grandes universit\u00e9s.<\/li>\n<\/ul>\n<h2>R\u00e9ceptions, controverses et instrumentalisations des citations voltairiennes<\/h2>\n<p>\nDepuis le XVIIIe si\u00e8cle, les aphorismes de Voltaire sur la <strong>politique<\/strong> suscitent des r\u00e9actions contrast\u00e9es. Ses contemporains, comme <strong>Jean-Jacques Rousseau, philosophe genevois<\/strong>, lui reprochent un certain <strong>\u00e9litisme<\/strong> et une m\u00e9fiance excessive envers le peuple, illustr\u00e9s par des phrases telles que  <strong>Il est \u00e0 propos que le peuple soit guid\u00e9, et non pas qu\u2019il soit instruit<\/strong> ? ou son refus de l\u2019<strong>\u00e9galit\u00e9 radicale<\/strong>[1][2]. Dans les milieux religieux, les attaques contre le <strong>christianisme<\/strong> et le <strong>clerg\u00e9 catholique<\/strong> nourrissent une hostilit\u00e9 durable, que l\u2019on retrouve au XIXe si\u00e8cle dans les critiques de penseurs contre-r\u00e9volutionnaires. \u00c0 l\u2019inverse, les d\u00e9fenseurs de la <strong>libert\u00e9 d\u2019expression<\/strong>, des avocats comme <strong>\u00c9mile Zola<\/strong> lors de l\u2019<strong>affaire Dreyfus<\/strong>, ou des intellectuels comme <strong>Albert Camus<\/strong> au XXe si\u00e8cle, voient en Voltaire un mod\u00e8le de combat contre l\u2019<u>injustice d\u2019\u00c9tat<\/u>. Plus r\u00e9cemment, des pol\u00e9miques sur la censure de spectacles ou de livres \u00e0 <strong>Paris<\/strong>, <strong>Lyon<\/strong> ou <strong>Bruxelles<\/strong> s\u2019accompagnent r\u00e9guli\u00e8rement de citations de Voltaire dans la presse g\u00e9n\u00e9raliste.\n<\/p>\n<p>\nNous observons aussi une tendance nette \u00e0 l\u2019<strong>instrumentalisation s\u00e9lective<\/strong> de ses phrases. Certains responsables politiques issus de formations tr\u00e8s diverses \u2013 de partis lib\u00e9raux comme <strong>Renaissance<\/strong> en <strong>France<\/strong> \u00e0 des formations conservatrices en <strong>Pologne<\/strong> ou en <strong>Hongrie<\/strong> \u2013 invoquent Voltaire pour d\u00e9fendre, tour \u00e0 tour, la <strong>la\u00efcit\u00e9 stricte<\/strong>, la protection de la <strong>libert\u00e9 religieuse<\/strong> ou la lutte contre les  extr\u00e9mismes ?. Des analyses de corpus parlementaires, conduites par des \u00e9quipes universitaires en <strong>France<\/strong>, montrent une augmentation des r\u00e9f\u00e9rences explicites \u00e0 Voltaire depuis le d\u00e9but des ann\u00e9es <strong>2000<\/strong>, avec des pics corr\u00e9l\u00e9s \u00e0 des d\u00e9bats sur la <strong>loi sur le voile \u00e0 l\u2019\u00e9cole de 2004<\/strong> ou aux discussions sur les lois m\u00e9morielles. \u00c0 l\u2019\u00e9chelle des m\u00e9dias, les bases de citations en ligne recensent plusieurs centaines d\u2019occurrences de citations attribu\u00e9es \u00e0 Voltaire, dont une part significative (jusqu\u2019\u00e0 <u>25 % dans certains \u00e9chantillons<\/u>) se r\u00e9v\u00e8le apocryphe, ce qui interroge notre rapport \u00e0 l\u2019<strong>autorit\u00e9 intellectuelle<\/strong> comme argument dans l\u2019espace public. Nous pensons que ce d\u00e9calage entre l\u2019\u0153uvre r\u00e9elle et les usages symboliques constitue un enjeu central pour toute lecture contemporaine de Voltaire.\n<\/p>\n<ul>\n<li>R\u00e9ception cliv\u00e9e : admiration des d\u00e9fenseurs de la <strong>libert\u00e9<\/strong>, critiques d\u2019<strong>\u00e9litisme<\/strong> ou d\u2019<strong>anticl\u00e9ricalisme<\/strong>.<\/li>\n<li>Usage rh\u00e9torique par des forces politiques oppos\u00e9es, en <strong>France<\/strong> et en <strong>Europe centrale<\/strong>.<\/li>\n<li>Taux significatif de <u>citations apocryphes<\/u>, r\u00e9v\u00e9lateur d\u2019une appropriation parfois superficielle de sa pens\u00e9e.<\/li>\n<\/ul>\n<h2>Voltaire, la culture populaire et la circulation num\u00e9rique de ses citations<\/h2>\n<p>\nL\u2019influence politique de Voltaire ne se limite pas aux essais de philosophie ou aux manuels d\u2019histoire. Ses formules irriguent une large partie de la <strong>culture populaire<\/strong>. Des romans graphiques publi\u00e9s par des maisons comme <strong>Les Ar\u00e8nes BD<\/strong> ou <strong>Dargaud<\/strong> mettent en sc\u00e8ne un Voltaire caustique, dont les punchlines sur le <strong>fanatisme<\/strong> et la <strong>tyrannie<\/strong> structurent la narration. Au cin\u00e9ma, des r\u00e9alisateurs fran\u00e7ais et \u00e9trangers, de <strong>Roberto Rossellini<\/strong> dans les ann\u00e9es <strong>1960<\/strong> \u00e0 des cr\u00e9ateurs de s\u00e9ries contemporaines diffus\u00e9es sur <strong>Netflix<\/strong> ou <strong>Arte<\/strong>, ins\u00e8rent parfois, dans les dialogues, des citations telles que  <strong>Les pr\u00e9jug\u00e9s sont la raison des sots<\/strong> ? ou  <strong>Les hommes, avec des lois sages, ont toujours des coutumes insens\u00e9es<\/strong> ?[4]. <u>Ces r\u00e9f\u00e9rences fonctionnent comme des marqueurs de lucidit\u00e9 politique<\/u>, attribu\u00e9s \u00e0 des personnages qui se dressent contre l\u2019ordre \u00e9tabli. Dans la musique, des artistes de la sc\u00e8ne francophone engag\u00e9e, comme certains rappeurs parisiens citant explicitement Voltaire depuis les ann\u00e9es <strong>2010<\/strong>, utilisent ses phrases pour critiquer la violence polici\u00e8re ou les injustices sociales.\n<\/p>\n<p>\nLa circulation num\u00e9rique a amplifi\u00e9 ce ph\u00e9nom\u00e8ne. Sur les r\u00e9seaux sociaux comme <strong>Twitter<\/strong>, <strong>Instagram<\/strong> ou <strong>Facebook<\/strong>, des comptes de citations cumulent parfois plusieurs centaines de milliers d\u2019abonn\u00e9s, partageant quotidiennement des visuels comportant le portrait de Voltaire et une phrase suppos\u00e9e \u00eatre de lui. Des \u00e9tudes en sciences de l\u2019information men\u00e9es \u00e0 l\u2019<strong>Universit\u00e9 de Lausanne<\/strong> ou \u00e0 l\u2019<strong>Universit\u00e9 de Montr\u00e9al<\/strong> montrent que ces contenus atteignent, pour certaines publications, plusieurs centaines de milliers de vues en quelques heures, notamment lors de crises politiques ou d\u2019\u00e9v\u00e9nements comme les manifestations des <strong>Gilets jaunes<\/strong> en <strong>2018-2019<\/strong>. Une part notable de ces visuels reprend des citations erron\u00e9es, comme la phrase sur les  voleurs politiques ? d\u00e9busqu\u00e9e par l\u2019<strong>Agence France-Presse (AFP)<\/strong> en <strong>2020<\/strong>, montrant \u00e0 quel point <u>la viralit\u00e9 peut brouiller la fronti\u00e8re entre texte authentique et fiction rh\u00e9torique<\/u>[5]. Nous consid\u00e9rons que cette diffusion massive contribue, malgr\u00e9 ses d\u00e9rives, \u00e0 maintenir vivantes certaines intuitions centrales de Voltaire sur le pouvoir, m\u00eame chez des publics \u00e9loign\u00e9s de la lecture des \u0153uvres originales.\n<\/p>\n<ul>\n<li>Pr\u00e9sence de Voltaire dans les <strong>bandes dessin\u00e9es<\/strong>, les films et les s\u00e9ries diffus\u00e9es par de grandes plateformes.<\/li>\n<li>Usage intensif de ses citations sur les r\u00e9seaux sociaux, avec des millions de vues cumul\u00e9es chaque ann\u00e9e.<\/li>\n<li>Risque d\u2019<u>alt\u00e9ration du texte<\/u> via les m\u00e8mes et visuels viraux, mis en \u00e9vidence par les v\u00e9rifications de l\u2019<strong>AFP<\/strong>[5].<\/li>\n<\/ul>\n<div style=\"background: #e8f4f8;border: 3px solid #0073aa;padding: 20px;margin: 20px 0;border-radius: 8px\">\n<h2 style=\"color: #0073aa;text-align: center;margin-bottom: 15px\">\ud83d\udd27 Ressources Pratiques et Outils<\/h2>\n<div style=\"background: white;padding: 15px;margin: 10px 0;border-left: 4px solid #28a745\">\n<h3 style=\"color: #28a745;margin-bottom: 10px\">\ud83d\udccd Entreprises Voltaire \u00e0 Paris<\/h3>\n<p>D\u00e9couvrez plusieurs entreprises portant le nom Voltaire \u00e0 Paris :<\/p>\n<ul>\n<li><strong>VOLTAIRE<\/strong> &#8211; Si\u00e8ge : 20 Rue Saint-Fiacre, 75002 Paris ; SIRET : 84875508800053<\/li>\n<li><strong>VOLTAIRE<\/strong> &#8211; 21 Rue de Rivoli, 75004 Paris ; SIRET : 84875508800038<\/li>\n<li><strong>VOLTAIRE<\/strong> &#8211; 51 Rue Bonaparte, 75006 Paris ; SIRET : 84875508800046<\/li>\n<li><strong>VOLTAIRE<\/strong> &#8211; 2 Place de la R\u00e9publique, 92300 Levallois-Perret ; SIRET : 84875508800061<\/li>\n<li><strong>COPYTOP Voltaire<\/strong> &#8211; 87 Bd Voltaire, 75011 Paris ; T\u00e9l. : 01 48 05 80 84 ; Email : voltaire@copytop.com<\/li>\n<li><strong>Soci\u00e9t\u00e9 de Distribution Voltaire<\/strong> &#8211; 240 Bd Voltaire, 75011 Paris<\/li>\n<li><strong>3E<\/strong> &#8211; 61 Bd Voltaire, 75011 Paris ; SIREN : 835365552<\/li>\n<li><strong>Soci\u00e9t\u00e9 de Toutes les Couleurs<\/strong> &#8211; 147 Bd Voltaire, 75011 Paris ; SIREN : 408027357<\/li>\n<li><strong>ALPHACELLS SAS<\/strong> &#8211; 292 Bd Voltaire, 75011 Paris ; SIREN : 989977400<\/li>\n<\/ul>\n<\/div>\n<div style=\"background: white;padding: 15px;margin: 10px 0;border-left: 4px solid #007bff\">\n<h3 style=\"color: #007bff;margin-bottom: 10px\">\ud83d\udee0\ufe0f Outils et Calculateurs<\/h3>\n<p>Pour plus d&rsquo;informations sur les entreprises, vous pouvez consulter les liens suivants :<\/p>\n<ul>\n<li><a href=\"https:\/\/annuaire-entreprises.data.gouv.fr\/entreprise\/voltaire-848755088\" rel=\"nofollow\" target=\"_blank\">VOLTAIRE sur Annuaire des entreprises<\/a><\/li>\n<li><a href=\"https:\/\/www.copytop.com\/imprimerie-copytop\/paris\/paris-75011-voltaire\" rel=\"nofollow\" target=\"_blank\">COPYTOP Voltaire<\/a><\/li>\n<li><a href=\"https:\/\/www.societe.com\/entreprises\/BOULEVARD%20VOLTAIRE\/75011_PARIS.html\" rel=\"nofollow\" target=\"_blank\">Soci\u00e9t\u00e9 de Distribution Voltaire<\/a><\/li>\n<li><a href=\"https:\/\/fr.kompass.com\/c\/societe-de-distribution-voltaire\/fr0763492\/\" rel=\"nofollow\" target=\"_blank\">Soci\u00e9t\u00e9 de Distribution Voltaire sur Kompass<\/a><\/li>\n<li><a href=\"https:\/\/www.pappers.fr\/entreprise\/3e-835365552\" rel=\"nofollow\" target=\"_blank\">3E sur Pappers<\/a><\/li>\n<li><a href=\"https:\/\/annuaire-entreprises.data.gouv.fr\/entreprise\/societe-de-toutes-les-couleurs-408027357\" rel=\"nofollow\" target=\"_blank\">Soci\u00e9t\u00e9 de Toutes les Couleurs sur Annuaire des entreprises<\/a><\/li>\n<li><a href=\"https:\/\/www.pappers.fr\/entreprise\/alphacells-sas-989977400\" rel=\"nofollow\" target=\"_blank\">ALPHACELLS SAS sur Pappers<\/a><\/li>\n<\/ul>\n<\/div>\n<div style=\"background: white;padding: 15px;margin: 10px 0;border-left: 4px solid #6f42c1\">\n<h3 style=\"color: #6f42c1;margin-bottom: 10px\">\ud83d\udc65 Communaut\u00e9 et Experts<\/h3>\n<p>Pour toute question ou besoin d&rsquo;assistance, n&rsquo;h\u00e9sitez pas \u00e0 contacter :<\/p>\n<ul>\n<li><strong>COPYTOP Voltaire<\/strong> &#8211; T\u00e9l. : 01 48 05 80 84 ; Email : voltaire@copytop.com<\/li>\n<li>Visitez les boutiques physiques \u00e0 Paris pour des conseils personnalis\u00e9s.<\/li>\n<\/ul>\n<\/div>\n<div style=\"background: #fff3cd;padding: 15px;margin: 15px 0;border: 2px solid #ffc107;border-radius: 5px\">\n<strong style=\"color: #856404\">\ud83d\udca1 R\u00e9sum\u00e9 en 2 lignes :<\/strong><br \/>\n<span>D\u00e9couvrez les entreprises et ressources li\u00e9es \u00e0 Voltaire \u00e0 Paris, offrant des services vari\u00e9s. Profitez des contacts et outils disponibles pour explorer l&rsquo;h\u00e9ritage de Voltaire dans un cadre contemporain.<\/span>\n<\/div>\n<\/div>\n<h2>L\u2019h\u00e9ritage politique de Voltaire face aux enjeux contemporains<\/h2>\n<p>\nEn rassemblant les fils de ces usages multiples, nous voyons que les <strong>citations politiques de Voltaire<\/strong> constituent \u00e0 la fois un miroir de l\u2019<strong>Ancien R\u00e9gime<\/strong> \u2013 monarchie absolue, privil\u00e8ges, intol\u00e9rance religieuse, arbitraire judiciaire \u2013 et un r\u00e9pertoire de concepts encore op\u00e9rants pour analyser la <strong>politique moderne<\/strong>. Sa d\u00e9fense de la <strong>raison<\/strong> contre le <strong>fanatisme<\/strong>, son exigence de <strong>justice \u00e9quitable<\/strong>, son rejet de l\u2019<strong>arbitraire royal et eccl\u00e9siastique<\/strong>, sa valorisation du <u>droit de dire et d\u2019imprimer ce que nous pensons<\/u> comme condition d\u2019une citoyennet\u00e9 active, r\u00e9sonnent avec les principes des <strong>d\u00e9mocraties lib\u00e9rales<\/strong> n\u00e9es au XIXe si\u00e8cle et consolid\u00e9es au XXe. Dans le m\u00eame temps, sa vision parfois s\u00e9v\u00e8re de la <strong>politique<\/strong> comme espace de mensonge, de calcul et de corruption rejoint les diagnostics actuels sur la  crise de la repr\u00e9sentation ?, la d\u00e9fiance envers les \u00e9lites et la mont\u00e9e des <strong>extr\u00e9mismes<\/strong>. Nous estimons que cette dualit\u00e9 \u2013 lucidit\u00e9 critique et espoir r\u00e9formateur \u2013 fait de Voltaire un alli\u00e9 pr\u00e9cieux pour penser les tensions du XXIe si\u00e8cle.\n<\/p>\n<p>\nLa question qui se pose \u00e0 nous, \u00e0 l\u2019\u00e8re des <strong>r\u00e9seaux sociaux<\/strong>, de la <strong>d\u00e9sinformation de masse<\/strong> et de ce que l\u2019on nomme la <strong>post-v\u00e9rit\u00e9<\/strong>, consiste \u00e0 savoir comment r\u00e9interpr\u00e9ter ses intuitions sans les f\u00e9tichiser. Les d\u00e9bats sur les <strong>algorithmes de mod\u00e9ration<\/strong>, sur les nouvelles formes de censure priv\u00e9e exerc\u00e9e par des plateformes comme <strong>Meta Platforms<\/strong> ou <strong>X Corp.<\/strong>, sur les lois encadrant les contenus haineux en <strong>Union europ\u00e9enne<\/strong> (notamment le <strong>Digital Services Act (DSA)<\/strong> adopt\u00e9 en <strong>2022<\/strong>) pourraient gagner \u00e0 \u00eatre relus \u00e0 la lumi\u00e8re des textes o\u00f9 Voltaire d\u00e9fend le droit d\u2019imprimer tout en reconnaissant la responsabilit\u00e9 des auteurs. <u>La force de ses citations tient pr\u00e9cis\u00e9ment \u00e0 cette tension entre libert\u00e9 maximale et prudence rationnelle<\/u>. Nous pensons que le meilleur usage contemporain de Voltaire ne consiste pas \u00e0 brandir m\u00e9caniquement ses aphorismes, mais \u00e0 s\u2019en servir comme point de d\u00e9part pour interroger nos propres institutions, nos pratiques m\u00e9diatiques et notre rapport collectif \u00e0 la v\u00e9rit\u00e9 politique.\n<\/p>\n<ul>\n<li>H\u00e9ritage structur\u00e9 autour de la <strong>raison critique<\/strong>, de la <strong>tol\u00e9rance<\/strong> et de la <strong>libert\u00e9 de publier<\/strong>.<\/li>\n<li>R\u00e9sonance forte avec les enjeux de <strong>crise d\u00e9mocratique<\/strong>, de <strong>d\u00e9sinformation<\/strong> et de mont\u00e9e des <strong>extr\u00eames<\/strong>.<\/li>\n<li>Invitation \u00e0 relire Voltaire face aux d\u00e9fis juridiques et technologiques actuels, du <strong>DSA europ\u00e9en<\/strong> aux politiques de mod\u00e9ration des grandes plateformes num\u00e9riques.<\/li>\n<\/ul>\n","protected":false},"excerpt":{"rendered":"","protected":false},"author":1,"featured_media":7683,"comment_status":"open","ping_status":"open","sticky":false,"template":"","format":"standard","meta":{"_acf_changed":false,"manual_indexmenow":false,"indexmenow_id_project":0,"footnotes":""},"categories":[4523],"tags":[4740,4741,4739],"class_list":["post-7681","post","type-post","status-publish","format-standard","has-post-thumbnail","hentry","category-figures-politiques-et-leurs-slogans","tag-pensee-moderne","tag-philosophie-politique","tag-voltaire","generate-columns","tablet-grid-50","mobile-grid-100","grid-parent","grid-25"],"acf":[],"yoast_head":"<!-- This site is optimized with the Yoast SEO Premium plugin v21.3 (Yoast SEO v25.6) - https:\/\/yoast.com\/wordpress\/plugins\/seo\/ -->\n<title>L\u2019impact des citations politiques de Voltaire sur la pens\u00e9e moderne<\/title>\n<meta name=\"description\" content=\"Voltaire : Citations politiques et leur impact \u00e0 travers les si\u00e8clesContexte historique et politique de la pens\u00e9e de Voltaire N\u00e9 en 1694 \u00e0 Paris, Royaume\" \/>\n<meta name=\"robots\" content=\"index, follow, max-snippet:-1, max-image-preview:large, max-video-preview:-1\" \/>\n<link rel=\"canonical\" href=\"https:\/\/kodesmots.fr\/blog\/figures-politiques-et-leurs-slogans\/limpact-des-citations-politiques-de-voltaire-sur-la-pensee-moderne\/\" \/>\n<meta property=\"og:locale\" content=\"fr_FR\" \/>\n<meta property=\"og:type\" content=\"article\" \/>\n<meta property=\"og:title\" content=\"L\u2019impact des citations politiques de Voltaire sur la pens\u00e9e moderne\" \/>\n<meta property=\"og:description\" content=\"Voltaire : Citations politiques et leur impact \u00e0 travers les si\u00e8clesContexte historique et politique de la pens\u00e9e de Voltaire N\u00e9 en 1694 \u00e0 Paris, Royaume\" \/>\n<meta property=\"og:url\" content=\"https:\/\/kodesmots.fr\/blog\/figures-politiques-et-leurs-slogans\/limpact-des-citations-politiques-de-voltaire-sur-la-pensee-moderne\/\" \/>\n<meta property=\"og:site_name\" content=\"kodesmots\" \/>\n<meta property=\"og:image\" content=\"https:\/\/kodesmots.fr\/blog\/wp-content\/uploads\/2025\/12\/pag-image-69402956519df-scaled.png\" \/>\n\t<meta property=\"og:image:width\" content=\"1200\" \/>\n\t<meta property=\"og:image:height\" content=\"686\" \/>\n\t<meta property=\"og:image:type\" content=\"image\/png\" \/>\n<meta name=\"twitter:card\" content=\"summary_large_image\" \/>\n<script type=\"application\/ld+json\" class=\"yoast-schema-graph\">{\"@context\":\"https:\/\/schema.org\",\"@graph\":[{\"@type\":\"NewsArticle\",\"@id\":\"https:\/\/kodesmots.fr\/blog\/figures-politiques-et-leurs-slogans\/limpact-des-citations-politiques-de-voltaire-sur-la-pensee-moderne\/#article\",\"isPartOf\":{\"@id\":\"https:\/\/kodesmots.fr\/blog\/figures-politiques-et-leurs-slogans\/limpact-des-citations-politiques-de-voltaire-sur-la-pensee-moderne\/\"},\"author\":{\"name\":\"\",\"@id\":\"\"},\"headline\":\"L\u2019impact des citations politiques de Voltaire sur la pens\u00e9e moderne\",\"datePublished\":\"2026-01-29T08:49:00+00:00\",\"mainEntityOfPage\":{\"@id\":\"https:\/\/kodesmots.fr\/blog\/figures-politiques-et-leurs-slogans\/limpact-des-citations-politiques-de-voltaire-sur-la-pensee-moderne\/\"},\"wordCount\":3258,\"commentCount\":0,\"publisher\":{\"@id\":\"https:\/\/kodesmots.fr\/blog\/#organization\"},\"image\":{\"@id\":\"https:\/\/kodesmots.fr\/blog\/figures-politiques-et-leurs-slogans\/limpact-des-citations-politiques-de-voltaire-sur-la-pensee-moderne\/#primaryimage\"},\"thumbnailUrl\":\"https:\/\/kodesmots.fr\/blog\/wp-content\/uploads\/2025\/12\/pag-image-69402956519df-scaled.png\",\"keywords\":[\"pensee moderne\",\"philosophie politique\",\"voltaire\"],\"articleSection\":[\"Figures Politiques et leurs Slogans\"],\"inLanguage\":\"fr-FR\",\"potentialAction\":[{\"@type\":\"CommentAction\",\"name\":\"Comment\",\"target\":[\"https:\/\/kodesmots.fr\/blog\/figures-politiques-et-leurs-slogans\/limpact-des-citations-politiques-de-voltaire-sur-la-pensee-moderne\/#respond\"]}]},{\"@type\":\"WebPage\",\"@id\":\"https:\/\/kodesmots.fr\/blog\/figures-politiques-et-leurs-slogans\/limpact-des-citations-politiques-de-voltaire-sur-la-pensee-moderne\/\",\"url\":\"https:\/\/kodesmots.fr\/blog\/figures-politiques-et-leurs-slogans\/limpact-des-citations-politiques-de-voltaire-sur-la-pensee-moderne\/\",\"name\":\"L\u2019impact des citations politiques de Voltaire sur la pens\u00e9e moderne\",\"isPartOf\":{\"@id\":\"https:\/\/kodesmots.fr\/blog\/#website\"},\"primaryImageOfPage\":{\"@id\":\"https:\/\/kodesmots.fr\/blog\/figures-politiques-et-leurs-slogans\/limpact-des-citations-politiques-de-voltaire-sur-la-pensee-moderne\/#primaryimage\"},\"image\":{\"@id\":\"https:\/\/kodesmots.fr\/blog\/figures-politiques-et-leurs-slogans\/limpact-des-citations-politiques-de-voltaire-sur-la-pensee-moderne\/#primaryimage\"},\"thumbnailUrl\":\"https:\/\/kodesmots.fr\/blog\/wp-content\/uploads\/2025\/12\/pag-image-69402956519df-scaled.png\",\"datePublished\":\"2026-01-29T08:49:00+00:00\",\"description\":\"Voltaire : Citations politiques et leur impact \u00e0 travers les si\u00e8clesContexte historique et politique de la pens\u00e9e de Voltaire N\u00e9 en 1694 \u00e0 Paris, Royaume\",\"inLanguage\":\"fr-FR\",\"potentialAction\":[{\"@type\":\"ReadAction\",\"target\":[\"https:\/\/kodesmots.fr\/blog\/figures-politiques-et-leurs-slogans\/limpact-des-citations-politiques-de-voltaire-sur-la-pensee-moderne\/\"]}]},{\"@type\":\"ImageObject\",\"inLanguage\":\"fr-FR\",\"@id\":\"https:\/\/kodesmots.fr\/blog\/figures-politiques-et-leurs-slogans\/limpact-des-citations-politiques-de-voltaire-sur-la-pensee-moderne\/#primaryimage\",\"url\":\"https:\/\/kodesmots.fr\/blog\/wp-content\/uploads\/2025\/12\/pag-image-69402956519df-scaled.png\",\"contentUrl\":\"https:\/\/kodesmots.fr\/blog\/wp-content\/uploads\/2025\/12\/pag-image-69402956519df-scaled.png\",\"width\":1200,\"height\":686,\"caption\":\"Image g\u00e9n\u00e9r\u00e9e par IA optimis\u00e9e pour Google Discover\"},{\"@type\":\"WebSite\",\"@id\":\"https:\/\/kodesmots.fr\/blog\/#website\",\"url\":\"https:\/\/kodesmots.fr\/blog\/\",\"name\":\"kodesmots.fr\",\"description\":\"Kodesmots, d\u00e9codez le pouvoir des mots\",\"publisher\":{\"@id\":\"https:\/\/kodesmots.fr\/blog\/#organization\"},\"alternateName\":\"Kodesmots, d\u00e9codez le pouvoir des mots\",\"potentialAction\":[{\"@type\":\"SearchAction\",\"target\":{\"@type\":\"EntryPoint\",\"urlTemplate\":\"https:\/\/kodesmots.fr\/blog\/?s={search_term_string}\"},\"query-input\":{\"@type\":\"PropertyValueSpecification\",\"valueRequired\":true,\"valueName\":\"search_term_string\"}}],\"inLanguage\":\"fr-FR\"},{\"@type\":\"Organization\",\"@id\":\"https:\/\/kodesmots.fr\/blog\/#organization\",\"name\":\"Foretsensations.fr\",\"url\":\"https:\/\/kodesmots.fr\/blog\/\",\"logo\":{\"@type\":\"ImageObject\",\"inLanguage\":\"fr-FR\",\"@id\":\"https:\/\/kodesmots.fr\/blog\/#\/schema\/logo\/image\/\",\"url\":\"https:\/\/kodesmots.fr\/blog\/wp-content\/uploads\/2024\/12\/koDesMots.png\",\"contentUrl\":\"https:\/\/kodesmots.fr\/blog\/wp-content\/uploads\/2024\/12\/koDesMots.png\",\"width\":500,\"height\":500,\"caption\":\"Foretsensations.fr\"},\"image\":{\"@id\":\"https:\/\/kodesmots.fr\/blog\/#\/schema\/logo\/image\/\"}},{\"@type\":\"Person\",\"@id\":\"\",\"url\":\"https:\/\/kodesmots.fr\/blog\/auteur\/\"}]}<\/script>\n<!-- \/ Yoast SEO Premium plugin. -->","yoast_head_json":{"title":"L\u2019impact des citations politiques de Voltaire sur la pens\u00e9e moderne","description":"Voltaire : Citations politiques et leur impact \u00e0 travers les si\u00e8clesContexte historique et politique de la pens\u00e9e de Voltaire N\u00e9 en 1694 \u00e0 Paris, Royaume","robots":{"index":"index","follow":"follow","max-snippet":"max-snippet:-1","max-image-preview":"max-image-preview:large","max-video-preview":"max-video-preview:-1"},"canonical":"https:\/\/kodesmots.fr\/blog\/figures-politiques-et-leurs-slogans\/limpact-des-citations-politiques-de-voltaire-sur-la-pensee-moderne\/","og_locale":"fr_FR","og_type":"article","og_title":"L\u2019impact des citations politiques de Voltaire sur la pens\u00e9e moderne","og_description":"Voltaire : Citations politiques et leur impact \u00e0 travers les si\u00e8clesContexte historique et politique de la pens\u00e9e de Voltaire N\u00e9 en 1694 \u00e0 Paris, Royaume","og_url":"https:\/\/kodesmots.fr\/blog\/figures-politiques-et-leurs-slogans\/limpact-des-citations-politiques-de-voltaire-sur-la-pensee-moderne\/","og_site_name":"kodesmots","og_image":[{"width":1200,"height":686,"url":"https:\/\/kodesmots.fr\/blog\/wp-content\/uploads\/2025\/12\/pag-image-69402956519df-scaled.png","type":"image\/png"}],"twitter_card":"summary_large_image","schema":{"@context":"https:\/\/schema.org","@graph":[{"@type":"NewsArticle","@id":"https:\/\/kodesmots.fr\/blog\/figures-politiques-et-leurs-slogans\/limpact-des-citations-politiques-de-voltaire-sur-la-pensee-moderne\/#article","isPartOf":{"@id":"https:\/\/kodesmots.fr\/blog\/figures-politiques-et-leurs-slogans\/limpact-des-citations-politiques-de-voltaire-sur-la-pensee-moderne\/"},"author":{"name":"","@id":""},"headline":"L\u2019impact des citations politiques de Voltaire sur la pens\u00e9e moderne","datePublished":"2026-01-29T08:49:00+00:00","mainEntityOfPage":{"@id":"https:\/\/kodesmots.fr\/blog\/figures-politiques-et-leurs-slogans\/limpact-des-citations-politiques-de-voltaire-sur-la-pensee-moderne\/"},"wordCount":3258,"commentCount":0,"publisher":{"@id":"https:\/\/kodesmots.fr\/blog\/#organization"},"image":{"@id":"https:\/\/kodesmots.fr\/blog\/figures-politiques-et-leurs-slogans\/limpact-des-citations-politiques-de-voltaire-sur-la-pensee-moderne\/#primaryimage"},"thumbnailUrl":"https:\/\/kodesmots.fr\/blog\/wp-content\/uploads\/2025\/12\/pag-image-69402956519df-scaled.png","keywords":["pensee moderne","philosophie politique","voltaire"],"articleSection":["Figures Politiques et leurs Slogans"],"inLanguage":"fr-FR","potentialAction":[{"@type":"CommentAction","name":"Comment","target":["https:\/\/kodesmots.fr\/blog\/figures-politiques-et-leurs-slogans\/limpact-des-citations-politiques-de-voltaire-sur-la-pensee-moderne\/#respond"]}]},{"@type":"WebPage","@id":"https:\/\/kodesmots.fr\/blog\/figures-politiques-et-leurs-slogans\/limpact-des-citations-politiques-de-voltaire-sur-la-pensee-moderne\/","url":"https:\/\/kodesmots.fr\/blog\/figures-politiques-et-leurs-slogans\/limpact-des-citations-politiques-de-voltaire-sur-la-pensee-moderne\/","name":"L\u2019impact des citations politiques de Voltaire sur la pens\u00e9e moderne","isPartOf":{"@id":"https:\/\/kodesmots.fr\/blog\/#website"},"primaryImageOfPage":{"@id":"https:\/\/kodesmots.fr\/blog\/figures-politiques-et-leurs-slogans\/limpact-des-citations-politiques-de-voltaire-sur-la-pensee-moderne\/#primaryimage"},"image":{"@id":"https:\/\/kodesmots.fr\/blog\/figures-politiques-et-leurs-slogans\/limpact-des-citations-politiques-de-voltaire-sur-la-pensee-moderne\/#primaryimage"},"thumbnailUrl":"https:\/\/kodesmots.fr\/blog\/wp-content\/uploads\/2025\/12\/pag-image-69402956519df-scaled.png","datePublished":"2026-01-29T08:49:00+00:00","description":"Voltaire : Citations politiques et leur impact \u00e0 travers les si\u00e8clesContexte historique et politique de la pens\u00e9e de Voltaire N\u00e9 en 1694 \u00e0 Paris, Royaume","inLanguage":"fr-FR","potentialAction":[{"@type":"ReadAction","target":["https:\/\/kodesmots.fr\/blog\/figures-politiques-et-leurs-slogans\/limpact-des-citations-politiques-de-voltaire-sur-la-pensee-moderne\/"]}]},{"@type":"ImageObject","inLanguage":"fr-FR","@id":"https:\/\/kodesmots.fr\/blog\/figures-politiques-et-leurs-slogans\/limpact-des-citations-politiques-de-voltaire-sur-la-pensee-moderne\/#primaryimage","url":"https:\/\/kodesmots.fr\/blog\/wp-content\/uploads\/2025\/12\/pag-image-69402956519df-scaled.png","contentUrl":"https:\/\/kodesmots.fr\/blog\/wp-content\/uploads\/2025\/12\/pag-image-69402956519df-scaled.png","width":1200,"height":686,"caption":"Image g\u00e9n\u00e9r\u00e9e par IA optimis\u00e9e pour Google Discover"},{"@type":"WebSite","@id":"https:\/\/kodesmots.fr\/blog\/#website","url":"https:\/\/kodesmots.fr\/blog\/","name":"kodesmots.fr","description":"Kodesmots, d\u00e9codez le pouvoir des mots","publisher":{"@id":"https:\/\/kodesmots.fr\/blog\/#organization"},"alternateName":"Kodesmots, d\u00e9codez le pouvoir des mots","potentialAction":[{"@type":"SearchAction","target":{"@type":"EntryPoint","urlTemplate":"https:\/\/kodesmots.fr\/blog\/?s={search_term_string}"},"query-input":{"@type":"PropertyValueSpecification","valueRequired":true,"valueName":"search_term_string"}}],"inLanguage":"fr-FR"},{"@type":"Organization","@id":"https:\/\/kodesmots.fr\/blog\/#organization","name":"Foretsensations.fr","url":"https:\/\/kodesmots.fr\/blog\/","logo":{"@type":"ImageObject","inLanguage":"fr-FR","@id":"https:\/\/kodesmots.fr\/blog\/#\/schema\/logo\/image\/","url":"https:\/\/kodesmots.fr\/blog\/wp-content\/uploads\/2024\/12\/koDesMots.png","contentUrl":"https:\/\/kodesmots.fr\/blog\/wp-content\/uploads\/2024\/12\/koDesMots.png","width":500,"height":500,"caption":"Foretsensations.fr"},"image":{"@id":"https:\/\/kodesmots.fr\/blog\/#\/schema\/logo\/image\/"}},{"@type":"Person","@id":"","url":"https:\/\/kodesmots.fr\/blog\/auteur\/"}]}},"_links":{"self":[{"href":"https:\/\/kodesmots.fr\/blog\/wp-json\/wp\/v2\/posts\/7681","targetHints":{"allow":["GET"]}}],"collection":[{"href":"https:\/\/kodesmots.fr\/blog\/wp-json\/wp\/v2\/posts"}],"about":[{"href":"https:\/\/kodesmots.fr\/blog\/wp-json\/wp\/v2\/types\/post"}],"author":[{"embeddable":true,"href":"https:\/\/kodesmots.fr\/blog\/wp-json\/wp\/v2\/users\/1"}],"replies":[{"embeddable":true,"href":"https:\/\/kodesmots.fr\/blog\/wp-json\/wp\/v2\/comments?post=7681"}],"version-history":[{"count":1,"href":"https:\/\/kodesmots.fr\/blog\/wp-json\/wp\/v2\/posts\/7681\/revisions"}],"predecessor-version":[{"id":7727,"href":"https:\/\/kodesmots.fr\/blog\/wp-json\/wp\/v2\/posts\/7681\/revisions\/7727"}],"wp:featuredmedia":[{"embeddable":true,"href":"https:\/\/kodesmots.fr\/blog\/wp-json\/wp\/v2\/media\/7683"}],"wp:attachment":[{"href":"https:\/\/kodesmots.fr\/blog\/wp-json\/wp\/v2\/media?parent=7681"}],"wp:term":[{"taxonomy":"category","embeddable":true,"href":"https:\/\/kodesmots.fr\/blog\/wp-json\/wp\/v2\/categories?post=7681"},{"taxonomy":"post_tag","embeddable":true,"href":"https:\/\/kodesmots.fr\/blog\/wp-json\/wp\/v2\/tags?post=7681"}],"curies":[{"name":"wp","href":"https:\/\/api.w.org\/{rel}","templated":true}]}}