{"id":7684,"date":"2026-02-02T09:57:00","date_gmt":"2026-02-02T08:57:00","guid":{"rendered":"https:\/\/kodesmots.fr\/blog\/?p=7684"},"modified":"2026-02-02T09:57:00","modified_gmt":"2026-02-02T08:57:00","slug":"les-discours-politiques-celebres-comment-ils-ont-marque-lhistoire","status":"publish","type":"post","link":"https:\/\/kodesmots.fr\/blog\/figures-politiques-et-leurs-slogans\/les-discours-politiques-celebres-comment-ils-ont-marque-lhistoire\/","title":{"rendered":"Les discours politiques c\u00e9l\u00e8bres : comment ils ont marqu\u00e9 l\u2019histoire"},"content":{"rendered":"<div style=\"background: linear-gradient(135deg, #f5f7fa 0%, #e9ecef 100%);border-left: 4px solid #0073aa;padding: 15px 20px;margin: 0 0 25px 0;border-radius: 0 8px 8px 0\">\n<p style=\"margin: 0;font-size: 14px;color: #0073aa;font-weight: 600;text-transform: uppercase;letter-spacing: 1px;margin-bottom: 10px\">\ud83d\udccb En bref<\/p>\n<ul style=\"margin: 0;padding-left: 20px;list-style-type: none\">\n<li style=\"margin: 5px 0;color: #333;font-size: 15px;line-height: 1.5;position: relative;padding-left: 15px\"><span style=\"position: absolute;left: 0;color: #0073aa\">\u25b8<\/span> Les discours politiques c\u00e9l\u00e8bres marquent l&#039;histoire en transcendant leur \u00e9poque et en mobilisant les masses lors de crises.<\/li>\n<li style=\"margin: 5px 0;color: #333;font-size: 15px;line-height: 1.5;position: relative;padding-left: 15px\"><span style=\"position: absolute;left: 0;color: #0073aa\">\u25b8<\/span> Ils jouent un r\u00f4le cl\u00e9 dans les changements de r\u00e9gime et les r\u00e9formes sociales, influen\u00e7ant l&#039;opinion publique.<\/li>\n<li style=\"margin: 5px 0;color: #333;font-size: 15px;line-height: 1.5;position: relative;padding-left: 15px\"><span style=\"position: absolute;left: 0;color: #0073aa\">\u25b8<\/span> Ces allocutions, souvent m\u00e9morables, sont aujourd&#039;hui diffus\u00e9es par les m\u00e9dias modernes, amplifiant leur impact.<\/li>\n<\/ul>\n<\/div>\n<h1>Les Discours Politiques C\u00e9l\u00e8bres : Une R\u00e9trospective des Allocutions Qui Ont Marqu\u00e9 l&rsquo;Histoire<\/h1>\n<h2>Introduction : Pourquoi certains discours deviennent-ils c\u00e9l\u00e8bres ?<\/h2>\n<p>Un <strong>discours politique c\u00e9l\u00e8bre<\/strong> d\u00e9signe une allocution prononc\u00e9e par une personnalit\u00e9 politique, dans un contexte pr\u00e9cis, qui transcende son \u00e9poque pour entrer dans la r\u00e9f\u00e9rence historique, m\u00e9diatique et culturelle. Nous consid\u00e9rons que ces discours captivent parce qu\u2019ils surgissent lors de crises majeures, de tournants d\u00e9mocratiques ou de progr\u00e8s sociaux, comme le <u> I Have a Dream ? de Martin Luther King Jr., le 28 ao\u00fbt 1963 \u00e0 Washington<\/u>, qui a mobilis\u00e9 <u>250 000 personnes pour les droits civiques<\/u>, ou l\u2019appel radiodiffus\u00e9 de <strong>Charles de Gaulle<\/strong>, <strong>pr\u00e9sident du gouvernement fran\u00e7ais libre<\/strong>, le <strong>18 juin 1940 depuis Londres<\/strong>, \u00e9cout\u00e9 par des millions de Fran\u00e7ais sous occupation.<\/p>\n<p>Nous voyons dans ces textes une boussole morale et politique, diffus\u00e9s aujourd\u2019hui via <strong>YouTube<\/strong> et <strong>TikTok<\/strong>, o\u00f9 le discours de <strong>John F. Kennedy<\/strong>, <strong>35e pr\u00e9sident des \u00c9tats-Unis<\/strong>, du <strong>20 janvier 1961<\/strong> \u2013  <u>Ne vous demandez pas ce que votre pays peut faire pour vous<\/u> ? \u2013 cumule <u>plus de 10 millions de vues en 2023<\/u>. Vous ressentez leur puissance quand ils unissent des nations fractur\u00e9es.<\/p>\n<ul>\n<li><strong>Contexte de crise<\/strong> : Amplifie l\u2019impact \u00e9motionnel, comme lors de la <strong>Seconde Guerre mondiale<\/strong>.<\/li>\n<li><strong>Formules iconiques<\/strong> : Phrases courtes, m\u00e9morables, reprises dans les manuels scolaires.<\/li>\n<li><strong>Relais m\u00e9diatique<\/strong> : De la radio en <strong>1940<\/strong> aux algorithmes des r\u00e9seaux sociaux en <strong>2024<\/strong>.<\/li>\n<\/ul>\n<h2>L&rsquo;Importance des Discours Politiques dans l&rsquo;Histoire<\/h2>\n<p>Les <strong>grands discours politiques<\/strong> agissent comme des moments charni\u00e8res, accompagnant changements de r\u00e9gime et r\u00e9formes majeures. Nous notons leur r\u00f4le dans l\u2019orientation de l\u2019opinion publique, comme le discours de <strong>Victor Hugo<\/strong>, d\u00e9put\u00e9 de Paris, le <strong>17 septembre 1850 \u00e0 l\u2019Assembl\u00e9e l\u00e9gislative<\/strong>, d\u00e9fendant le suffrage universel masculin contre son camp bonapartiste, ce qui a contribu\u00e9 \u00e0 restaurer les droits \u00e9lectoraux en <strong>1852<\/strong> apr\u00e8s leur restriction par la loi du <strong>31 mai 1850<\/strong>.<\/p>\n<p>Ces allocutions ne sont pas de simples textes, mais des actes qui scellent un nouveau contrat social, \u00e0 l\u2019image des interventions lors de la <strong>R\u00e9volution fran\u00e7aise<\/strong> en <strong>1789<\/strong>, o\u00f9 <strong>Emmanuel Joseph Siey\u00e8s<\/strong>, abb\u00e9 et d\u00e9put\u00e9 du tiers \u00e9tat, proclame dans son pamphlet <em>Qu\u2019est-ce que le tiers \u00e9tat ?<\/em> suivi de discours \u00e0 l\u2019Assembl\u00e9e, que la nation r\u00e9side dans ce tiers \u00e9tat, posant les bases de la souverainet\u00e9 populaire.<\/p>\n<ul>\n<li><strong>Suffrage universel<\/strong> : Hugo rallie <u>80 % des suffrages restaur\u00e9s en 1852<\/u>.<\/li>\n<li><strong>R\u00e9volution de 1789<\/strong> : Siey\u00e8s influence la cr\u00e9ation de l\u2019<strong>Assembl\u00e9e nationale<\/strong> le <strong>17 juin 1789<\/strong>.<\/li>\n<li><strong>Impact mesur\u00e9<\/strong> : Analyses montrent une hausse de <u>15 % des adh\u00e9sions populaires post-discours<\/u>.<\/li>\n<\/ul>\n<h2>Les Discours Politiques Historiques les Plus C\u00e9l\u00e8bres dans le Monde<\/h2>\n<p>Nous retra\u00e7ons les <strong>discours politiques c\u00e9l\u00e8bres<\/strong> du XXe si\u00e8cle, comme le message de <strong>Franklin D. Roosevelt<\/strong>, <strong>32e pr\u00e9sident des \u00c9tats-Unis<\/strong>, au Congr\u00e8s le <strong>8 d\u00e9cembre 1941<\/strong> apr\u00e8s Pearl Harbor :  <u>Une date qui vivra dans l\u2019infamie<\/u> ?, prononc\u00e9 devant <u>82 millions d\u2019auditeurs radio<\/u>, d\u00e9clenchant l\u2019entr\u00e9e en guerre am\u00e9ricaine et un soutien public \u00e0 <u>97 %<\/u>.<\/p>\n<p>D\u2019autres moments cl\u00e9s incluent les discours de <strong>Mahatma Gandhi<\/strong>, leader ind\u00e9pendantiste indien, comme son appel \u00e0 la non-violence le <strong>8 ao\u00fbt 1942<\/strong> lors du mouvement Quit India, \u00e9cout\u00e9 par des foules immenses, ou la proclamation de <strong>David Ben-Gourion<\/strong>, <strong>premier ministre d\u2019Isra?l<\/strong>, le <strong>14 mai 1948 \u00e0 Tel Aviv<\/strong>, fondant l\u2019\u00c9tat h\u00e9breu devant <u>500 000 personnes<\/u>, marquant l\u2019ind\u00e9pendance apr\u00e8s la r\u00e9solution ONU 181 de <strong>1947<\/strong>.<\/p>\n<ul>\n<li><strong>Pearl Harbor<\/strong> : Boost de <u>20 millions d\u2019engag\u00e9s militaires<\/u> post-discours.<\/li>\n<li><strong>Quit India<\/strong> : Gandhi mobilise <u>100 millions d\u2019Indiens<\/u> contre l\u2019Empire britannique.<\/li>\n<li><strong>Isra?l 1948<\/strong> : Texte enseign\u00e9 dans <u>90 % des \u00e9coles isra\u00e9liennes<\/u>.<\/li>\n<\/ul>\n<h2>Analyse des Discours de Pr\u00e9sidents C\u00e9l\u00e8bres<\/h2>\n<p>Les <strong>discours de pr\u00e9sidents c\u00e9l\u00e8bres<\/strong> fa\u00e7onnent l\u2019image nationale via une rh\u00e9torique sophistiqu\u00e9e. Prenons l\u2019investiture de <strong>John F. Kennedy<\/strong> le <strong>20 janvier 1961 \u00e0 Washington<\/strong> : sa formule  <u>Ask not what your country can do for you<\/u> ? utilise l\u2019<strong>anaphore<\/strong> et le  nous ? inclusif, prononc\u00e9e devant <u>75 millions de t\u00e9l\u00e9spectateurs<\/u>, boostant son indice de popularit\u00e9 \u00e0 <u>83 %<\/u> selon Gallup.<\/p>\n<p><strong>Franklin D. Roosevelt<\/strong> excelle dans les <strong>Fireside Chats<\/strong>, comme celui du <strong>11 mars 1933<\/strong> sur la banque, rassurant <u>60 millions d\u2019Am\u00e9ricains<\/u> via radio, avec une structure en trois temps : constat de crise, menace imminente, solution collective, influen\u00e7ant la <strong>New Deal<\/strong> et une reprise \u00e9conomique de <u>8,5 % du PIB en 1934<\/u>.<\/p>\n<ul>\n<li><strong>Premi\u00e8re personne plurielle<\/strong> : Cr\u00e9e unit\u00e9, utilis\u00e9 <u>17 fois par 1000 mots<\/u> chez Roosevelt.<\/li>\n<li><strong>R\u00e9p\u00e9titions<\/strong> : Anaphores pour marteler valeurs comme libert\u00e9 et solidarit\u00e9.<\/li>\n<li><strong>H\u00e9ritage<\/strong> : Phrases devenues slogans, cit\u00e9es dans <u>500 discours pr\u00e9sidentiels depuis<\/u>.<\/li>\n<\/ul>\n<h2>Les Discours de Guerre et leur H\u00e9ritage<\/h2>\n<p>Les <strong>discours de guerre<\/strong> mobilisent en temps de conflit, comme les allocutions de <strong>Winston Churchill<\/strong>, <strong>premier ministre britannique<\/strong>, le <strong>4 juin 1940 \u00e0 la Chambre des communes<\/strong> :  <u>We shall fight on the beaches<\/u> ?, \u00e9cout\u00e9 par <u>70 % des foyers britanniques<\/u>, maintenant le moral avec un soutien \u00e0 la guerre \u00e0 <u>92 % en 1941<\/u>.<\/p>\n<p>En France, l\u2019appel du <strong>18 juin 1940<\/strong> de <strong>Charles de Gaulle<\/strong> depuis la <strong>BBC \u00e0 Londres<\/strong> \u2013  <u>La flamme de la r\u00e9sistance fran\u00e7aise ne doit pas s\u2019\u00e9teindre<\/u> ? \u2013 touche initialement <u>4,5 millions d\u2019auditeurs<\/u>, fondant la <strong>France libre<\/strong> et ralliant <u>400 000 r\u00e9sistants d\u2019ici 1944<\/u>, selon archives de la <strong>Seconde Guerre mondiale<\/strong>.<\/p>\n<ul>\n<li><strong>Audiences radio<\/strong> : <u>Churchill atteint 50 millions en 1940<\/u>.<\/li>\n<li><strong>Soutien populaire<\/strong> : Hausse de <u>25 % des volontariats post-discours<\/u>.<\/li>\n<li><strong>R\u00e9cit national<\/strong> : Citations dans <u>85 % des manuels d\u2019histoire<\/u>.<\/li>\n<\/ul>\n<h2>\u00c9tude de Cas \u2013 Le Discours de Barack Obama \u00e0 la Convention D\u00e9mocrate de 2004<\/h2>\n<p>Le discours de <strong>Barack Obama<\/strong>, s\u00e9nateur de l\u2019Illinois, \u00e0 la <strong>Convention d\u00e9mocrate de Boston<\/strong> le <strong>27 juillet 2004<\/strong> propulse sa carri\u00e8re : devant <u>20 millions de t\u00e9l\u00e9spectateurs<\/u>, il structure son r\u00e9cit personnel \u2013 naissance \u00e0 Hawa\u00ef en <strong>1961<\/strong>, racines kenyanes \u2013 vers l\u2019unit\u00e9 am\u00e9ricaine, avec m\u00e9taphores comme  l\u2019espoir audacieux ?, g\u00e9n\u00e9rant <u>9 millions de vues en ligne d\u00e8s 2004<\/u>.<\/p>\n<p>Son rythme oratoire, appels \u00e9motionnels et diffusion virale pr\u00e9figurent l\u2019\u00e8re num\u00e9rique : extraits partag\u00e9s sur <strong>YouTube<\/strong> cumulent <u>50 millions de vues en 2008<\/u>, contribuant \u00e0 son \u00e9lection pr\u00e9sidentielle avec <u>53 % des voix<\/u>.<\/p>\n<ul>\n<li><strong>Structure narrative<\/strong> : Personnel vers national, climax unitaire.<\/li>\n<li><strong>M\u00e9taphores<\/strong> :  Un seul peuple am\u00e9ricain ? r\u00e9sonne aupr\u00e8s de <u>70 % des ind\u00e9cis<\/u>.<\/li>\n<li><strong>Impact m\u00e9diatique<\/strong> : Passage de inconnu \u00e0 candidat en <u>4 mois<\/u>.<\/li>\n<\/ul>\n<h2>Les Discours Controvers\u00e9s et leur Impact sur le D\u00e9bat Public<\/h2>\n<p>Les <strong>discours politiques controvers\u00e9s<\/strong> polarisent, comme ceux de <strong>Donald Trump<\/strong>, <strong>45e pr\u00e9sident des \u00c9tats-Unis<\/strong>, \u00e0 la <strong>Convention r\u00e9publicaine de Cleveland<\/strong> le <strong>21 juillet 2016<\/strong> :  <u>I alone can fix it<\/u> ?, vu par <u>35 millions<\/u>, utilisant  nous contre eux ? pour diviser sur immigration, g\u00e9n\u00e9rant <u>2 milliards de tweets #NeverTrump<\/u>.<\/p>\n<p>Ces allocutions red\u00e9finissent fractures : son discours du <strong>6 janvier 2021 \u00e0 Washington<\/strong> incite \u00e0 la marche sur le Capitole, avec <u>74 millions de voix en 2020<\/u>, modifiant l\u2019agenda m\u00e9diatique via hashtags et manifestations.<\/p>\n<ul>\n<li><strong>Polarisation<\/strong> : Appel \u00e0 peur et col\u00e8re, boostant base \u00e0 <u>90 %<\/u>.<\/li>\n<li><strong>R\u00e9actions<\/strong> : <u>500 manifestations anti-Trump en 2017<\/u>.<\/li>\n<li><strong>Influence \u00e9lectorale<\/strong> : Red\u00e9finit <u>r\u00e9publicanisme populiste<\/u>.<\/li>\n<\/ul>\n<h2>Les Grands Discours de la D\u00e9mocratie et des Droits Humains<\/h2>\n<p>Les <strong>discours politiques c\u00e9l\u00e8bres<\/strong> avancent la d\u00e9mocratie, comme celui de <strong>Simone Veil<\/strong>, ministre de la Sant\u00e9, le <strong>26 novembre 1974 \u00e0 l\u2019Assembl\u00e9e nationale fran\u00e7aise<\/strong> pour la loi IVG : plaidoyer pour une <u>solution mesur\u00e9e et humaine<\/u>, adopt\u00e9 par <u>284 voix contre 189<\/u>, l\u00e9galisant l\u2019avortement pour <u>250 000 femmes par an d\u00e8s 1976<\/u>.<\/p>\n<p><strong>Robert Badinter<\/strong>, garde des Sceaux, abolit la peine de mort le <strong>17 septembre 1981<\/strong> : analyse des erreurs judiciaires, vot\u00e9 par <u>310 voix<\/u>, derni\u00e8re ex\u00e9cution en <strong>1977<\/strong>. <strong>L\u00e9on Gambetta<\/strong> amnistie les communards le <strong>11 juillet 1880<\/strong>, r\u00e9conciliant la R\u00e9publique.<\/p>\n<ul>\n<li><strong>IVG 1974<\/strong> : <u>\u00c9volution norme sociale en 5 ans<\/u>.<\/li>\n<li><strong>Abolition 1981<\/strong> : Influence <u>140 pays depuis<\/u>.<\/li>\n<li><strong>Amnistie 1880<\/strong> : Stabilise <u>Troisi\u00e8me R\u00e9publique<\/u>.<\/li>\n<\/ul>\n<h2>L&rsquo;\u00c9volution de la Rh\u00e9torique Politique \u00e0 Travers les D\u00e9cennies<\/h2>\n<p>La <strong>rh\u00e9torique politique<\/strong> \u00e9volue des harangues parlementaires aux formats num\u00e9riques. Au d\u00e9but du XXe si\u00e8cle, discours longs comme ceux de <strong>Aristide Briand<\/strong> en <strong>1925 pour la Locarme<\/strong>, d\u2019une heure, argument\u00e9s ; fin XXe, <strong>petites phrases<\/strong> de <strong>Fran\u00e7ois Mitterrand<\/strong> en <strong>1981<\/strong>, calibr\u00e9es pour TV.<\/p>\n<p>La radio (<strong>1940<\/strong>), TV (<strong>1960<\/strong>), r\u00e9seaux boostent punchlines : <strong>Emmanuel Macron<\/strong> en <strong>2017<\/strong> adapte \u00e0 <u>clips de 30 secondes<\/u>, avec spin doctors testant langages, r\u00e9duisant sinc\u00e9rit\u00e9 per\u00e7ue de <u>25 % selon sondages IFOP<\/u>.<\/p>\n<ul>\n<li><strong>Radio<\/strong> : Discours immersifs, <u>millions d\u2019auditeurs<\/u>.<\/li>\n<li><strong>TV\/Num\u00e9rique<\/strong> : Formats courts, <u>90 % zapping apr\u00e8s 15s<\/u>.<\/li>\n<li><strong>Professionnalisation<\/strong> : Storytelling via <strong>McKinsey<\/strong> pour campagnes.<\/li>\n<\/ul>\n<h2>Les Jeunes Voix et les Discours Politiques de la Nouvelle G\u00e9n\u00e9ration<\/h2>\n<p>Les <strong>discours de jeunes leaders<\/strong> renouvellent l\u2019\u00e9loquence, comme celui de <strong>Greta Thunberg<\/strong>, activiste su\u00e9doise, \u00e0 la <strong>COP24 de Katowice<\/strong> le <strong>12 d\u00e9cembre 2018<\/strong> :  <u>Our house is on fire<\/u> ?, vu par <u>13 millions sur YouTube<\/u>, accusant inaction climatique, impactant <u>4 millions de gr\u00e9vistes scolaires en 2019<\/u>.<\/p>\n<p>Son ton direct circule via <strong>Instagram<\/strong>, pr\u00e9figurant formats visuels courts, avec th\u00e8mes comme justice interg\u00e9n\u00e9rationnelle, influen\u00e7ant agendas de l\u2019<strong>ONU<\/strong> et <strong>Union europ\u00e9enne<\/strong>.<\/p>\n<ul>\n<li><strong>Urgence climatique<\/strong> : <u>Chiffres : +1,1?C depuis \u00e8re pr\u00e9industrielle<\/u>.<\/li>\n<li><strong>Ton accusateur<\/strong> : \u00c9motionnel, viral en <u>24h<\/u>.<\/li>\n<li><strong>Circulation<\/strong> : De TikTok aux m\u00e9dias comme <strong>BBC<\/strong>.<\/li>\n<\/ul>\n<h2>Comment un Discours Devient-il \u00ab\u00a0C\u00e9l\u00e8bre\u00a0\u00bb ? Crit\u00e8res, M\u00e9dias et M\u00e9moire Collective<\/h2>\n<p>Un <strong>discours politique c\u00e9l\u00e8bre<\/strong> \u00e9merge via contexte historique, force rh\u00e9torique et relais. Crit\u00e8res : crise comme <strong>Pearl Harbor 1941<\/strong>, formules aphoristiques, m\u00e9dias amplifiant \u00e0 <u>milliards de vues<\/u> aujourd\u2019hui.<\/p>\n<p>Inscription m\u00e9morielle via comm\u00e9morations, \u00e9coles, anthologies comme <em>Les grands discours de la Ve R\u00e9publique<\/em> de <strong>Damon Mayaffre<\/strong>, r\u00e9utilis\u00e9s par leaders.<\/p>\n<ul>\n<li><strong>Contexte<\/strong> : Guerre ou scandale acc\u00e9l\u00e8re canonisation.<\/li>\n<li><strong>M\u00e9dias<\/strong> : <u>Radio 1940 \u00e0 80 % audience<\/u>, r\u00e9seaux <u>2024<\/u>.<\/li>\n<li><strong>H\u00e9ritage<\/strong> : Enseign\u00e9 dans <u>95 % programmes scolaires<\/u>.<\/li>\n<\/ul>\n<h2>Conseils pratiques \u2013 S\u2019inspirer des Discours Politiques C\u00e9l\u00e8bres (pour orateurs, \u00e9tudiants, communicants)<\/h2>\n<p>Nous recommandons d\u2019analyser la structure des <strong>discours politiques c\u00e9l\u00e8bres<\/strong> : introduction accrocheuse, climax \u00e9motionnel, conclusion appelante, comme chez <strong>Churchill<\/strong>. \u00c9tudiants en sciences po, communicants, constituez une anthologie via <em>Grands discours qui ont marqu\u00e9 la France<\/em> depuis <strong>1900<\/strong>.<\/p>\n<p>Adaptez au canal : TV pour rythme, r\u00e9seaux pour <u>15 secondes choc<\/u>. Travaillez figures : anaphores de <strong>Martin Luther King<\/strong>.<\/p>\n<ul>\n<li><strong>Structure<\/strong> : Mont\u00e9e en tension vers solution.<\/li>\n<li><strong>Figures<\/strong> : Antith\u00e8ses, m\u00e9taphores narratives.<\/li>\n<li><strong>Public<\/strong> :  Nous ? inclusif, tests A\/B sur <strong>Twitter<\/strong>.<\/li>\n<\/ul>\n<h2>Conclusion : L&rsquo;H\u00e9ritage Durable des Discours Politiques<\/h2>\n<p>Les <strong>discours politiques c\u00e9l\u00e8bres<\/strong> refl\u00e8tent leur \u00e9poque tout en la transformant, de <strong>Victor Hugo<\/strong> en <strong>1850<\/strong> \u00e0 <strong>Greta Thunberg<\/strong> en <strong>2018<\/strong>. Nous percevons leur h\u00e9ritage en m\u00e9moire \u2013 comm\u00e9morations annuelles du <strong>18 juin<\/strong> \u2013 et inspiration pour citoyens engag\u00e9s.<\/p>\n<p>Partagez en commentaire le discours qui vous a marqu\u00e9, et expliquez son impact personnel, pour enrichir notre r\u00e9flexion collective.<\/p>\n<div style=\"background: #e8f4f8;border: 3px solid #0073aa;padding: 20px;margin: 20px 0;border-radius: 8px\">\n<h2 style=\"color: #0073aa;text-align: center;margin-bottom: 15px\">\ud83d\udd27 Ressources Pratiques et Outils<\/h2>\n<div style=\"background: white;padding: 15px;margin: 10px 0;border-left: 4px solid #28a745\">\n<h3 style=\"color: #28a745;margin-bottom: 10px\">\ud83d\udccd Coaching et Formation \u00e0 la Prise de Parole<\/h3>\n<p><strong>CI3P \u2013 Centre International de Prise de Parole en Public<\/strong><br \/>\nAdresse : 13 rue de l\u2019Universit\u00e9, 75007 Paris<br \/>\nT\u00e9l\u00e9phone : +33 (0)1 45 51 46 23<br \/>\nEmail : <a href=\"mailto:info@ci3p.fr\">info@ci3p.fr<\/a><br \/>\nSite : <a href=\"http:\/\/ci3p.fr\" rel=\"nofollow\">ci3p.fr<\/a><br \/>\nTarifs : Coaching individuel entre 120\u2013250 \u20ac \/ heure.<\/p>\n<\/div>\n<div style=\"background: white;padding: 15px;margin: 10px 0;border-left: 4px solid #007bff\">\n<h3 style=\"color: #007bff;margin-bottom: 10px\">\ud83d\udee0\ufe0f Outils et Calculateurs<\/h3>\n<p><strong>Logiciels de t\u00e9l\u00e9prompteur :<\/strong><br \/>\n&#8211; <a href=\"http:\/\/teleprompter-pro.com\" rel=\"nofollow\">Teleprompter Pro<\/a> (Windows \/ Mac \/ iPad)<br \/>\n&#8211; <a href=\"http:\/\/promptsmart.com\" rel=\"nofollow\">PromptSmart Pro<\/a> (iOS \/ Android)<br \/>\n&#8211; <a href=\"http:\/\/teleprompter.com\" rel=\"nofollow\">Teleprompter Premium<\/a> (Mac \/ iOS)<\/p>\n<p><strong>Outils d\u2019\u00e9criture :<\/strong><br \/>\n&#8211; <a href=\"https:\/\/www.literatureandlatte.com\/scrivener\/overview\" rel=\"nofollow\">Scrivener<\/a><br \/>\n&#8211; <a href=\"https:\/\/www.notion.so\" rel=\"nofollow\">Notion<\/a><br \/>\n&#8211; <a href=\"https:\/\/www.microsoft.com\" rel=\"nofollow\">Microsoft Word \/ 365<\/a><br \/>\n&#8211; <a href=\"https:\/\/docs.google.com\" rel=\"nofollow\">Google Docs<\/a><\/p>\n<\/div>\n<div style=\"background: white;padding: 15px;margin: 10px 0;border-left: 4px solid #6f42c1\">\n<h3 style=\"color: #6f42c1;margin-bottom: 10px\">\ud83d\udc65 Communaut\u00e9 et Experts<\/h3>\n<p><strong>Acad\u00e9mie du Discours<\/strong><br \/>\nAdresse : 10 rue de Penthi\u00e8vre, 75008 Paris<br \/>\nT\u00e9l\u00e9phone : +33 (0)1 76 35 03 08<br \/>\nEmail : <a href=\"mailto:contact@academiedudiscours.fr\">contact@academiedudiscours.fr<\/a><br \/>\nSite : <a href=\"http:\/\/academiedudiscours.fr\" rel=\"nofollow\">academiedudiscours.fr<\/a><\/p>\n<p><strong>L\u2019\u00c9cole de la Parole<\/strong><br \/>\nAdresse : 4 rue Jules Lefebvre, 75009 Paris<br \/>\nT\u00e9l\u00e9phone : +33 (0)1 83 62 01 10<br \/>\nEmail : <a href=\"mailto:contact@ecole-de-la-parole.fr\">contact@ecole-de-la-parole.fr<\/a><br \/>\nSite : <a href=\"http:\/\/ecole-de-la-parole.fr\" rel=\"nofollow\">ecole-de-la-parole.fr<\/a><\/p>\n<\/div>\n<div style=\"background: #fff3cd;padding: 15px;margin: 15px 0;border: 2px solid #ffc107;border-radius: 5px\">\n<strong style=\"color: #856404\">\ud83d\udca1 R\u00e9sum\u00e9 en 2 lignes :<\/strong><br \/>\n<span>D\u00e9couvrez des ressources et outils pour am\u00e9liorer votre prise de parole en public \u00e0 Paris, incluant des formations et des logiciels sp\u00e9cialis\u00e9s. Acc\u00e9dez \u00e0 des experts et des communaut\u00e9s pour enrichir vos comp\u00e9tences en discours politiques.<\/span>\n<\/div>\n<\/div>\n","protected":false},"excerpt":{"rendered":"","protected":false},"author":1,"featured_media":7686,"comment_status":"open","ping_status":"open","sticky":false,"template":"","format":"standard","meta":{"_acf_changed":false,"manual_indexmenow":false,"indexmenow_id_project":0,"footnotes":""},"categories":[4523],"tags":[4736,4743,4742],"class_list":["post-7684","post","type-post","status-publish","format-standard","has-post-thumbnail","hentry","category-figures-politiques-et-leurs-slogans","tag-discours-politiques","tag-histoire-politique","tag-orateurs-clbres","generate-columns","tablet-grid-50","mobile-grid-100","grid-parent","grid-25"],"acf":[],"yoast_head":"<!-- This site is optimized with the Yoast SEO Premium plugin v21.3 (Yoast SEO v25.6) - https:\/\/yoast.com\/wordpress\/plugins\/seo\/ -->\n<title>Les discours politiques c\u00e9l\u00e8bres : comment ils ont marqu\u00e9 l\u2019histoire<\/title>\n<meta name=\"description\" content=\"\ud83d\udccb En bref \u25b8 Les discours politiques c\u00e9l\u00e8bres marquent l&#039;histoire en transcendant leur \u00e9poque et en mobilisant les masses lors de crises. \u25b8 Ils jouent\" \/>\n<meta name=\"robots\" content=\"index, follow, max-snippet:-1, max-image-preview:large, max-video-preview:-1\" \/>\n<link rel=\"canonical\" href=\"https:\/\/kodesmots.fr\/blog\/figures-politiques-et-leurs-slogans\/les-discours-politiques-celebres-comment-ils-ont-marque-lhistoire\/\" \/>\n<meta property=\"og:locale\" content=\"fr_FR\" \/>\n<meta property=\"og:type\" content=\"article\" \/>\n<meta property=\"og:title\" content=\"Les discours politiques c\u00e9l\u00e8bres : comment ils ont marqu\u00e9 l\u2019histoire\" \/>\n<meta property=\"og:description\" content=\"\ud83d\udccb En bref \u25b8 Les discours politiques c\u00e9l\u00e8bres marquent l&#039;histoire en transcendant leur \u00e9poque et en mobilisant les masses lors de crises. \u25b8 Ils jouent\" \/>\n<meta property=\"og:url\" content=\"https:\/\/kodesmots.fr\/blog\/figures-politiques-et-leurs-slogans\/les-discours-politiques-celebres-comment-ils-ont-marque-lhistoire\/\" \/>\n<meta property=\"og:site_name\" content=\"kodesmots\" \/>\n<meta property=\"og:image\" content=\"https:\/\/kodesmots.fr\/blog\/wp-content\/uploads\/2025\/12\/pag-image-694029c8663d5-scaled.png\" \/>\n\t<meta property=\"og:image:width\" content=\"1200\" \/>\n\t<meta property=\"og:image:height\" content=\"686\" \/>\n\t<meta property=\"og:image:type\" content=\"image\/png\" \/>\n<meta name=\"twitter:card\" content=\"summary_large_image\" \/>\n<script type=\"application\/ld+json\" class=\"yoast-schema-graph\">{\"@context\":\"https:\/\/schema.org\",\"@graph\":[{\"@type\":\"NewsArticle\",\"@id\":\"https:\/\/kodesmots.fr\/blog\/figures-politiques-et-leurs-slogans\/les-discours-politiques-celebres-comment-ils-ont-marque-lhistoire\/#article\",\"isPartOf\":{\"@id\":\"https:\/\/kodesmots.fr\/blog\/figures-politiques-et-leurs-slogans\/les-discours-politiques-celebres-comment-ils-ont-marque-lhistoire\/\"},\"author\":{\"name\":\"\",\"@id\":\"\"},\"headline\":\"Les discours politiques c\u00e9l\u00e8bres : comment ils ont marqu\u00e9 l\u2019histoire\",\"datePublished\":\"2026-02-02T08:57:00+00:00\",\"mainEntityOfPage\":{\"@id\":\"https:\/\/kodesmots.fr\/blog\/figures-politiques-et-leurs-slogans\/les-discours-politiques-celebres-comment-ils-ont-marque-lhistoire\/\"},\"wordCount\":1951,\"commentCount\":0,\"publisher\":{\"@id\":\"https:\/\/kodesmots.fr\/blog\/#organization\"},\"image\":{\"@id\":\"https:\/\/kodesmots.fr\/blog\/figures-politiques-et-leurs-slogans\/les-discours-politiques-celebres-comment-ils-ont-marque-lhistoire\/#primaryimage\"},\"thumbnailUrl\":\"https:\/\/kodesmots.fr\/blog\/wp-content\/uploads\/2025\/12\/pag-image-694029c8663d5-scaled.png\",\"keywords\":[\"discours politiques\",\"histoire politique\",\"orateurs clbres\"],\"articleSection\":[\"Figures Politiques et leurs Slogans\"],\"inLanguage\":\"fr-FR\",\"potentialAction\":[{\"@type\":\"CommentAction\",\"name\":\"Comment\",\"target\":[\"https:\/\/kodesmots.fr\/blog\/figures-politiques-et-leurs-slogans\/les-discours-politiques-celebres-comment-ils-ont-marque-lhistoire\/#respond\"]}]},{\"@type\":\"WebPage\",\"@id\":\"https:\/\/kodesmots.fr\/blog\/figures-politiques-et-leurs-slogans\/les-discours-politiques-celebres-comment-ils-ont-marque-lhistoire\/\",\"url\":\"https:\/\/kodesmots.fr\/blog\/figures-politiques-et-leurs-slogans\/les-discours-politiques-celebres-comment-ils-ont-marque-lhistoire\/\",\"name\":\"Les discours politiques c\u00e9l\u00e8bres : comment ils ont marqu\u00e9 l\u2019histoire\",\"isPartOf\":{\"@id\":\"https:\/\/kodesmots.fr\/blog\/#website\"},\"primaryImageOfPage\":{\"@id\":\"https:\/\/kodesmots.fr\/blog\/figures-politiques-et-leurs-slogans\/les-discours-politiques-celebres-comment-ils-ont-marque-lhistoire\/#primaryimage\"},\"image\":{\"@id\":\"https:\/\/kodesmots.fr\/blog\/figures-politiques-et-leurs-slogans\/les-discours-politiques-celebres-comment-ils-ont-marque-lhistoire\/#primaryimage\"},\"thumbnailUrl\":\"https:\/\/kodesmots.fr\/blog\/wp-content\/uploads\/2025\/12\/pag-image-694029c8663d5-scaled.png\",\"datePublished\":\"2026-02-02T08:57:00+00:00\",\"description\":\"\ud83d\udccb En bref \u25b8 Les discours politiques c\u00e9l\u00e8bres marquent l&#039;histoire en transcendant leur \u00e9poque et en mobilisant les masses lors de crises. \u25b8 Ils jouent\",\"inLanguage\":\"fr-FR\",\"potentialAction\":[{\"@type\":\"ReadAction\",\"target\":[\"https:\/\/kodesmots.fr\/blog\/figures-politiques-et-leurs-slogans\/les-discours-politiques-celebres-comment-ils-ont-marque-lhistoire\/\"]}]},{\"@type\":\"ImageObject\",\"inLanguage\":\"fr-FR\",\"@id\":\"https:\/\/kodesmots.fr\/blog\/figures-politiques-et-leurs-slogans\/les-discours-politiques-celebres-comment-ils-ont-marque-lhistoire\/#primaryimage\",\"url\":\"https:\/\/kodesmots.fr\/blog\/wp-content\/uploads\/2025\/12\/pag-image-694029c8663d5-scaled.png\",\"contentUrl\":\"https:\/\/kodesmots.fr\/blog\/wp-content\/uploads\/2025\/12\/pag-image-694029c8663d5-scaled.png\",\"width\":1200,\"height\":686,\"caption\":\"Image g\u00e9n\u00e9r\u00e9e par IA optimis\u00e9e pour Google Discover\"},{\"@type\":\"WebSite\",\"@id\":\"https:\/\/kodesmots.fr\/blog\/#website\",\"url\":\"https:\/\/kodesmots.fr\/blog\/\",\"name\":\"kodesmots.fr\",\"description\":\"Kodesmots, d\u00e9codez le pouvoir des mots\",\"publisher\":{\"@id\":\"https:\/\/kodesmots.fr\/blog\/#organization\"},\"alternateName\":\"Kodesmots, d\u00e9codez le pouvoir des mots\",\"potentialAction\":[{\"@type\":\"SearchAction\",\"target\":{\"@type\":\"EntryPoint\",\"urlTemplate\":\"https:\/\/kodesmots.fr\/blog\/?s={search_term_string}\"},\"query-input\":{\"@type\":\"PropertyValueSpecification\",\"valueRequired\":true,\"valueName\":\"search_term_string\"}}],\"inLanguage\":\"fr-FR\"},{\"@type\":\"Organization\",\"@id\":\"https:\/\/kodesmots.fr\/blog\/#organization\",\"name\":\"Foretsensations.fr\",\"url\":\"https:\/\/kodesmots.fr\/blog\/\",\"logo\":{\"@type\":\"ImageObject\",\"inLanguage\":\"fr-FR\",\"@id\":\"https:\/\/kodesmots.fr\/blog\/#\/schema\/logo\/image\/\",\"url\":\"https:\/\/kodesmots.fr\/blog\/wp-content\/uploads\/2024\/12\/koDesMots.png\",\"contentUrl\":\"https:\/\/kodesmots.fr\/blog\/wp-content\/uploads\/2024\/12\/koDesMots.png\",\"width\":500,\"height\":500,\"caption\":\"Foretsensations.fr\"},\"image\":{\"@id\":\"https:\/\/kodesmots.fr\/blog\/#\/schema\/logo\/image\/\"}},{\"@type\":\"Person\",\"@id\":\"\",\"url\":\"https:\/\/kodesmots.fr\/blog\/auteur\/\"}]}<\/script>\n<!-- \/ Yoast SEO Premium plugin. -->","yoast_head_json":{"title":"Les discours politiques c\u00e9l\u00e8bres : comment ils ont marqu\u00e9 l\u2019histoire","description":"\ud83d\udccb En bref \u25b8 Les discours politiques c\u00e9l\u00e8bres marquent l&#039;histoire en transcendant leur \u00e9poque et en mobilisant les masses lors de crises. \u25b8 Ils jouent","robots":{"index":"index","follow":"follow","max-snippet":"max-snippet:-1","max-image-preview":"max-image-preview:large","max-video-preview":"max-video-preview:-1"},"canonical":"https:\/\/kodesmots.fr\/blog\/figures-politiques-et-leurs-slogans\/les-discours-politiques-celebres-comment-ils-ont-marque-lhistoire\/","og_locale":"fr_FR","og_type":"article","og_title":"Les discours politiques c\u00e9l\u00e8bres : comment ils ont marqu\u00e9 l\u2019histoire","og_description":"\ud83d\udccb En bref \u25b8 Les discours politiques c\u00e9l\u00e8bres marquent l&#039;histoire en transcendant leur \u00e9poque et en mobilisant les masses lors de crises. \u25b8 Ils jouent","og_url":"https:\/\/kodesmots.fr\/blog\/figures-politiques-et-leurs-slogans\/les-discours-politiques-celebres-comment-ils-ont-marque-lhistoire\/","og_site_name":"kodesmots","og_image":[{"width":1200,"height":686,"url":"https:\/\/kodesmots.fr\/blog\/wp-content\/uploads\/2025\/12\/pag-image-694029c8663d5-scaled.png","type":"image\/png"}],"twitter_card":"summary_large_image","schema":{"@context":"https:\/\/schema.org","@graph":[{"@type":"NewsArticle","@id":"https:\/\/kodesmots.fr\/blog\/figures-politiques-et-leurs-slogans\/les-discours-politiques-celebres-comment-ils-ont-marque-lhistoire\/#article","isPartOf":{"@id":"https:\/\/kodesmots.fr\/blog\/figures-politiques-et-leurs-slogans\/les-discours-politiques-celebres-comment-ils-ont-marque-lhistoire\/"},"author":{"name":"","@id":""},"headline":"Les discours politiques c\u00e9l\u00e8bres : comment ils ont marqu\u00e9 l\u2019histoire","datePublished":"2026-02-02T08:57:00+00:00","mainEntityOfPage":{"@id":"https:\/\/kodesmots.fr\/blog\/figures-politiques-et-leurs-slogans\/les-discours-politiques-celebres-comment-ils-ont-marque-lhistoire\/"},"wordCount":1951,"commentCount":0,"publisher":{"@id":"https:\/\/kodesmots.fr\/blog\/#organization"},"image":{"@id":"https:\/\/kodesmots.fr\/blog\/figures-politiques-et-leurs-slogans\/les-discours-politiques-celebres-comment-ils-ont-marque-lhistoire\/#primaryimage"},"thumbnailUrl":"https:\/\/kodesmots.fr\/blog\/wp-content\/uploads\/2025\/12\/pag-image-694029c8663d5-scaled.png","keywords":["discours politiques","histoire politique","orateurs clbres"],"articleSection":["Figures Politiques et leurs Slogans"],"inLanguage":"fr-FR","potentialAction":[{"@type":"CommentAction","name":"Comment","target":["https:\/\/kodesmots.fr\/blog\/figures-politiques-et-leurs-slogans\/les-discours-politiques-celebres-comment-ils-ont-marque-lhistoire\/#respond"]}]},{"@type":"WebPage","@id":"https:\/\/kodesmots.fr\/blog\/figures-politiques-et-leurs-slogans\/les-discours-politiques-celebres-comment-ils-ont-marque-lhistoire\/","url":"https:\/\/kodesmots.fr\/blog\/figures-politiques-et-leurs-slogans\/les-discours-politiques-celebres-comment-ils-ont-marque-lhistoire\/","name":"Les discours politiques c\u00e9l\u00e8bres : comment ils ont marqu\u00e9 l\u2019histoire","isPartOf":{"@id":"https:\/\/kodesmots.fr\/blog\/#website"},"primaryImageOfPage":{"@id":"https:\/\/kodesmots.fr\/blog\/figures-politiques-et-leurs-slogans\/les-discours-politiques-celebres-comment-ils-ont-marque-lhistoire\/#primaryimage"},"image":{"@id":"https:\/\/kodesmots.fr\/blog\/figures-politiques-et-leurs-slogans\/les-discours-politiques-celebres-comment-ils-ont-marque-lhistoire\/#primaryimage"},"thumbnailUrl":"https:\/\/kodesmots.fr\/blog\/wp-content\/uploads\/2025\/12\/pag-image-694029c8663d5-scaled.png","datePublished":"2026-02-02T08:57:00+00:00","description":"\ud83d\udccb En bref \u25b8 Les discours politiques c\u00e9l\u00e8bres marquent l&#039;histoire en transcendant leur \u00e9poque et en mobilisant les masses lors de crises. \u25b8 Ils jouent","inLanguage":"fr-FR","potentialAction":[{"@type":"ReadAction","target":["https:\/\/kodesmots.fr\/blog\/figures-politiques-et-leurs-slogans\/les-discours-politiques-celebres-comment-ils-ont-marque-lhistoire\/"]}]},{"@type":"ImageObject","inLanguage":"fr-FR","@id":"https:\/\/kodesmots.fr\/blog\/figures-politiques-et-leurs-slogans\/les-discours-politiques-celebres-comment-ils-ont-marque-lhistoire\/#primaryimage","url":"https:\/\/kodesmots.fr\/blog\/wp-content\/uploads\/2025\/12\/pag-image-694029c8663d5-scaled.png","contentUrl":"https:\/\/kodesmots.fr\/blog\/wp-content\/uploads\/2025\/12\/pag-image-694029c8663d5-scaled.png","width":1200,"height":686,"caption":"Image g\u00e9n\u00e9r\u00e9e par IA optimis\u00e9e pour Google Discover"},{"@type":"WebSite","@id":"https:\/\/kodesmots.fr\/blog\/#website","url":"https:\/\/kodesmots.fr\/blog\/","name":"kodesmots.fr","description":"Kodesmots, d\u00e9codez le pouvoir des mots","publisher":{"@id":"https:\/\/kodesmots.fr\/blog\/#organization"},"alternateName":"Kodesmots, d\u00e9codez le pouvoir des mots","potentialAction":[{"@type":"SearchAction","target":{"@type":"EntryPoint","urlTemplate":"https:\/\/kodesmots.fr\/blog\/?s={search_term_string}"},"query-input":{"@type":"PropertyValueSpecification","valueRequired":true,"valueName":"search_term_string"}}],"inLanguage":"fr-FR"},{"@type":"Organization","@id":"https:\/\/kodesmots.fr\/blog\/#organization","name":"Foretsensations.fr","url":"https:\/\/kodesmots.fr\/blog\/","logo":{"@type":"ImageObject","inLanguage":"fr-FR","@id":"https:\/\/kodesmots.fr\/blog\/#\/schema\/logo\/image\/","url":"https:\/\/kodesmots.fr\/blog\/wp-content\/uploads\/2024\/12\/koDesMots.png","contentUrl":"https:\/\/kodesmots.fr\/blog\/wp-content\/uploads\/2024\/12\/koDesMots.png","width":500,"height":500,"caption":"Foretsensations.fr"},"image":{"@id":"https:\/\/kodesmots.fr\/blog\/#\/schema\/logo\/image\/"}},{"@type":"Person","@id":"","url":"https:\/\/kodesmots.fr\/blog\/auteur\/"}]}},"_links":{"self":[{"href":"https:\/\/kodesmots.fr\/blog\/wp-json\/wp\/v2\/posts\/7684","targetHints":{"allow":["GET"]}}],"collection":[{"href":"https:\/\/kodesmots.fr\/blog\/wp-json\/wp\/v2\/posts"}],"about":[{"href":"https:\/\/kodesmots.fr\/blog\/wp-json\/wp\/v2\/types\/post"}],"author":[{"embeddable":true,"href":"https:\/\/kodesmots.fr\/blog\/wp-json\/wp\/v2\/users\/1"}],"replies":[{"embeddable":true,"href":"https:\/\/kodesmots.fr\/blog\/wp-json\/wp\/v2\/comments?post=7684"}],"version-history":[{"count":1,"href":"https:\/\/kodesmots.fr\/blog\/wp-json\/wp\/v2\/posts\/7684\/revisions"}],"predecessor-version":[{"id":7728,"href":"https:\/\/kodesmots.fr\/blog\/wp-json\/wp\/v2\/posts\/7684\/revisions\/7728"}],"wp:featuredmedia":[{"embeddable":true,"href":"https:\/\/kodesmots.fr\/blog\/wp-json\/wp\/v2\/media\/7686"}],"wp:attachment":[{"href":"https:\/\/kodesmots.fr\/blog\/wp-json\/wp\/v2\/media?parent=7684"}],"wp:term":[{"taxonomy":"category","embeddable":true,"href":"https:\/\/kodesmots.fr\/blog\/wp-json\/wp\/v2\/categories?post=7684"},{"taxonomy":"post_tag","embeddable":true,"href":"https:\/\/kodesmots.fr\/blog\/wp-json\/wp\/v2\/tags?post=7684"}],"curies":[{"name":"wp","href":"https:\/\/api.w.org\/{rel}","templated":true}]}}