{"id":7693,"date":"2026-02-09T09:15:00","date_gmt":"2026-02-09T08:15:00","guid":{"rendered":"https:\/\/kodesmots.fr\/blog\/?p=7693"},"modified":"2026-02-09T09:15:00","modified_gmt":"2026-02-09T08:15:00","slug":"comment-un-discours-inspirant-peut-transformer-votre-vie-grace-au-pouvoir-des-mots","status":"publish","type":"post","link":"https:\/\/kodesmots.fr\/blog\/discours-celebres\/comment-un-discours-inspirant-peut-transformer-votre-vie-grace-au-pouvoir-des-mots\/","title":{"rendered":"Comment un discours inspirant peut transformer votre vie gr\u00e2ce au pouvoir des mots"},"content":{"rendered":"<div style=\"background: linear-gradient(135deg, #f5f7fa 0%, #e9ecef 100%);border-left: 4px solid #0073aa;padding: 15px 20px;margin: 0 0 25px 0;border-radius: 0 8px 8px 0\">\n<p style=\"margin: 0;font-size: 14px;color: #0073aa;font-weight: 600;text-transform: uppercase;letter-spacing: 1px;margin-bottom: 10px\">\ud83d\udccb En bref<\/p>\n<ul style=\"margin: 0;padding-left: 20px;list-style-type: none\">\n<li style=\"margin: 5px 0;color: #333;font-size: 15px;line-height: 1.5;position: relative;padding-left: 15px\"><span style=\"position: absolute;left: 0;color: #0073aa\">\u25b8<\/span> Un discours inspirant incite \u00e0 l&#039;action et peut transformer des vies. Des figures comme Martin Luther King Jr. et Greta Thunberg illustrent l&#039;impact des mots sur les mouvements sociaux. La mont\u00e9e des formations en prise de parole montre l&#039;importance croissante de cette comp\u00e9tence dans le leadership.<\/li>\n<\/ul>\n<\/div>\n<h1>Discours Inspirant : Le Pouvoir des Mots pour Transformer des Vies<\/h1>\n<h2>Pourquoi un discours inspirant peut changer une vie<\/h2>\n<p>Un <u>discours inspirant est un discours qui am\u00e8ne une personne \u00e0 vouloir changer quelque chose de concret dans sa vie, dans son entreprise ou dans le monde<\/u>. Il ne se limite pas \u00e0 transmettre des informations, il d\u00e9clenche un <strong>passage \u00e0 l\u2019action<\/strong> : changer de comportement, adopter une nouvelle strat\u00e9gie, rejoindre un mouvement, pers\u00e9v\u00e9rer dans une \u00e9preuve.<\/p>\n<p>Les grandes plateformes de conf\u00e9rences comme <strong>TED<\/strong>, lanc\u00e9 en <strong>1984 \u00e0 Monterey, Californie<\/strong>, et les formats <strong>TEDx<\/strong> organis\u00e9s partout dans le monde, ont popularis\u00e9 ce type de prise de parole : 18 minutes pour partager une id\u00e9e capable de transformer une perspective. Des interventions comme celles de <strong>Simon Sinek<\/strong> sur le  <strong>Start With Why<\/strong> ? ou de la neurobiologiste <strong>Jill Bolte Taylor<\/strong> sur son AVC ont montr\u00e9 comment quelques <strong>mots<\/strong> bien choisis peuvent modifier une trajectoire de carri\u00e8re ou de vie.<\/p>\n<ul>\n<li><u>La mont\u00e9e du leadership inspirant<\/u>, notamment chez des dirigeants comme <strong>Jacinda Ardern, ancienne Premi\u00e8re ministre de Nouvelle-Z\u00e9lande<\/strong>, a remis la dimension \u00e9motionnelle au c\u0153ur du management.<\/li>\n<li>Les r\u00e9seaux sociaux vid\u00e9o comme <strong>YouTube<\/strong>, <strong>LinkedIn<\/strong> ou <strong>Instagram<\/strong> diffusent ces prises de parole \u00e0 grande \u00e9chelle, certains discours d\u00e9passant les <u>10 millions de vues<\/u>.<\/li>\n<li>Les formations en <strong>prise de parole en public<\/strong>, propos\u00e9es par des organismes comme <strong>Dale Carnegie Training<\/strong> ou <strong>Toastmasters International<\/strong>, connaissent une forte croissance depuis les ann\u00e9es 2010.<\/li>\n<\/ul>\n<p>Nous observons, dans notre pratique, que m\u00eame un manager qui se pense  peu charismatique ? peut, avec une structure claire et des histoires sinc\u00e8res, cr\u00e9er un moment d\u00e9cisif pour son \u00e9quipe. Dans un monde satur\u00e9 d\u2019informations, <u>les mots qui touchent vraiment deviennent des rep\u00e8res durables<\/u>, parfois un v\u00e9ritable tournant dans une trajectoire professionnelle.<\/p>\n<h2>L\u2019importance des discours inspirants dans la soci\u00e9t\u00e9<\/h2>\n<p>Les grands discours ont fa\u00e7onn\u00e9 le <strong>monde<\/strong>. Quand <strong>Martin Luther King Jr., pasteur et leader du mouvement des droits civiques<\/strong>, prononce  I Have a Dream ? \u00e0 <strong>Washington D.C.<\/strong> en <strong>1963<\/strong>, il ne d\u00e9crit pas seulement une revendication politique, il propose une vision d\u2019un autre  jour ? pour tout un <strong>peuple<\/strong>. Quand <strong>Nelson Mandela, pr\u00e9sident de la R\u00e9publique d\u2019Afrique du Sud<\/strong>, appelle \u00e0 la r\u00e9conciliation \u00e0 <strong>Pretoria<\/strong> en <strong>1994<\/strong>, son message contribue concr\u00e8tement \u00e0 la sortie de l\u2019<strong>apartheid<\/strong>.<\/p>\n<p>Ces prises de parole s\u2019inscrivent dans des <strong>mouvements sociaux<\/strong> structur\u00e9s :<\/p>\n<ul>\n<li>Le mouvement des <strong>droits civiques<\/strong> aux <strong>\u00c9tats-Unis<\/strong>, port\u00e9 par des discours comme ceux de <strong>Martin Luther King Jr.<\/strong> ou de <strong>John F. Kennedy<\/strong>.<\/li>\n<li>La lutte contre l\u2019<strong>apartheid<\/strong> en <strong>Afrique du Sud<\/strong>, marqu\u00e9e par les interventions de <strong>Nelson Mandela<\/strong> devant le Parlement et devant l\u2019ONU.<\/li>\n<li>La mobilisation \u00e9cologique contemporaine, avec des discours de <strong>Greta Thunberg<\/strong> au <strong>Sommet de l\u2019ONU sur le climat \u00e0 New York en 2019<\/strong>, ou ceux d\u2019<strong>Al Gore<\/strong> autour d\u2019 <strong>An Inconvenient Truth<\/strong> ?.<\/li>\n<\/ul>\n<p>Les neurosciences, via les travaux de chercheurs comme <strong>Antonio Damasio<\/strong> ou <strong>Paul Zak<\/strong>, montrent que les <strong>histoires<\/strong> activent les zones du cerveau li\u00e9es \u00e0 l\u2019\u00e9motion et \u00e0 l\u2019empathie, ce qui augmente la m\u00e9morisation et la propension \u00e0 l\u2019action. Certaines \u00e9tudes citent des \u00e9carts de m\u00e9morisation allant jusqu\u2019\u00e0 <u>+60 % pour une information int\u00e9gr\u00e9e \u00e0 un r\u00e9cit narratif<\/u> par rapport \u00e0 une donn\u00e9e isol\u00e9e. \u00c0 nos yeux, c\u2019est l\u00e0 que r\u00e9side le v\u00e9ritable <strong>pouvoir<\/strong> des discours inspirants : la capacit\u00e9 \u00e0 relier \u00e9motion, sens et action collective.<\/p>\n<h2>Anatomie d\u2019un discours inspirant<\/h2>\n<p>Un discours inspirant efficace repose sur une <u>architecture pr\u00e9cise<\/u>, m\u00eame lorsqu\u2019il semble spontan\u00e9. La structure classique <strong>introduction \u2013 d\u00e9veloppement \u2013 conclusion<\/strong> reste valide, mais elle se d\u00e9cline avec des codes sp\u00e9cifiques \u00e0 l\u2019inspiration.<\/p>\n<p>L\u2019<strong>introduction<\/strong> doit accrocher imm\u00e9diatement. De nombreux coachs en prise de parole, comme ceux de <strong>Toastmasters International<\/strong>, recommandent d\u2019utiliser :<\/p>\n<ul>\n<li>Une <strong>question forte<\/strong> ( Que feriez-vous si vous n\u2019aviez plus peur ? ?).<\/li>\n<li>Une <strong>anecdote personnelle<\/strong> tr\u00e8s concr\u00e8te (un \u00e9chec, une rencontre, une d\u00e9cision).<\/li>\n<li>Un <strong>chiffre marquant<\/strong> (<u>75 % des personnes ont peur de parler en public<\/u>).<\/li>\n<li>Un <strong>silence strat\u00e9gique<\/strong> qui cr\u00e9e de la tension et impose votre pr\u00e9sence.<\/li>\n<\/ul>\n<p>Le d\u00e9veloppement s\u2019articule autour d\u2019un <u>message central clair<\/u>, une id\u00e9e-force, presque un  mantra ?. Dans le discours de <strong>Barack Obama, 44e pr\u00e9sident des \u00c9tats-Unis<\/strong>,  Yes We Can ?, prononc\u00e9 \u00e0 <strong>Chicago<\/strong> en <strong>2008<\/strong>, toute la structure tourne autour de cette phrase cl\u00e9 r\u00e9p\u00e9t\u00e9e. Nous conseillons toujours de pouvoir r\u00e9sumer le message en une seule phrase que votre auditoire pourrait r\u00e9p\u00e9ter une semaine plus tard.<\/p>\n<p>Un discours inspirant contient, presque toujours :<\/p>\n<ul>\n<li>Des <strong>anecdotes personnelles<\/strong> ou des histoires concr\u00e8tes, qui illustrent un principe abstrait par une sc\u00e8ne pr\u00e9cise.<\/li>\n<li>Un <strong>fil conducteur logique<\/strong> et fluide : transitions travaill\u00e9es, progression dramatique, crescendo \u00e9motionnel.<\/li>\n<li>Une <strong>conclusion<\/strong> qui ouvre sur l\u2019action : appel \u00e0 agir, vision du futur, d\u00e9fi explicite lanc\u00e9 au public.<\/li>\n<\/ul>\n<p>Les travaux de sp\u00e9cialistes comme <strong>Chip et Dan Heath<\/strong>, auteurs de  <strong>Made to Stick<\/strong> ?, montrent que les messages structur\u00e9s en r\u00e9cit, avec un arc narratif, ont un taux de m\u00e9morisation nettement sup\u00e9rieur aux listes d\u2019arguments. Nous voyons, lors d\u2019ateliers de formation, que  une seule chose bien dite peut changer une vie, et parfois le monde ?, \u00e0 condition que cette chose soit incarn\u00e9e dans une histoire.<\/p>\n<div style=\"background: #e8f4f8;border: 3px solid #0073aa;padding: 20px;margin: 20px 0;border-radius: 8px\">\n<h2 style=\"color: #0073aa;text-align: center;margin-bottom: 15px\">\ud83d\udd27 Ressources Pratiques et Outils<\/h2>\n<div style=\"background: white;padding: 15px;margin: 10px 0;border-left: 4px solid #28a745\">\n<h3 style=\"color: #28a745;margin-bottom: 10px\">\ud83d\udccd Agences de Prospection Commerciale \u00e0 Paris<\/h3>\n<p>Voici quelques agences sp\u00e9cialis\u00e9es dans la prospection commerciale situ\u00e9es \u00e0 Paris :<\/p>\n<ul>\n<li><strong>Deuxio<\/strong> &#8211; Agence de prospection commerciale, Paris.<\/li>\n<li><strong>Acceor<\/strong> &#8211; Agence de prospection commerciale, Paris.<\/li>\n<li><strong>IloveLead<\/strong> &#8211; Agence de prospection commerciale, Paris.<\/li>\n<li><strong>Magileads<\/strong> &#8211; Agence de prospection commerciale, Paris.<\/li>\n<li><strong>LalaLeads<\/strong> &#8211; Agence de prospection commerciale, Paris.<\/li>\n<li><strong>Markentive<\/strong> &#8211; Agence de prospection commerciale, Paris. +10 ans d&rsquo;exp\u00e9rience.<\/li>\n<li><strong>Oliverlist<\/strong> &#8211; Agence de prospection commerciale, Paris. +10 ans d&rsquo;exp\u00e9rience.<\/li>\n<li><strong>Inbound Value<\/strong> &#8211; Agence de prospection commerciale, Paris.<\/li>\n<li><strong>NeoDeal<\/strong> &#8211; Agence de prospection commerciale, Paris.<\/li>\n<li><strong>Hiramys<\/strong> &#8211; Agence de prospection commerciale, Paris. +10 ans d&rsquo;exp\u00e9rience.<\/li>\n<li><strong>Corporama<\/strong> &#8211; Agence de prospection commerciale, Paris.<\/li>\n<li><strong>Agence 1min30<\/strong> &#8211; Agence de prospection commerciale, Paris.<\/li>\n<li><strong>Seventic<\/strong> &#8211; Agence de prospection B2B, Paris. +20 ans d&rsquo;exp\u00e9rience.<\/li>\n<li><strong>ARDC Paris<\/strong> &#8211; Agence de growth marketing\/prospection, Paris.<\/li>\n<li><strong>Orixa Media<\/strong> &#8211; Agence de prospection multicanale, Paris.<\/li>\n<\/ul>\n<\/div>\n<div style=\"background: white;padding: 15px;margin: 10px 0;border-left: 4px solid #007bff\">\n<h3 style=\"color: #007bff;margin-bottom: 10px\">\ud83d\udee0\ufe0f Outils et Calculateurs<\/h3>\n<p>Pour plus d&rsquo;informations sur les agences de communication et de prospection \u00e0 Paris, consultez les liens suivants :<\/p>\n<ul>\n<li><a href=\"https:\/\/www.impli.fr\/agences\/communication-paris\" rel=\"nofollow\" target=\"_blank\">Impli &#8211; Agences de communication \u00e0 Paris<\/a><\/li>\n<li><a href=\"https:\/\/deux.io\/top-agence-prospection-commerciale-paris\/\" rel=\"nofollow\" target=\"_blank\">Deux.io &#8211; Top agences de prospection commerciale \u00e0 Paris<\/a><\/li>\n<li><a href=\"https:\/\/www.seventic.com\/blog\/meilleures-agences-prospection-paris\/\" rel=\"nofollow\" target=\"_blank\">Seventic &#8211; Meilleures agences de prospection \u00e0 Paris<\/a><\/li>\n<li><a href=\"https:\/\/www.parisladefense.com\/sites\/default\/files\/04.PDF\/GUIDES\/2025-03\/guide_entreprises_pld_2025_vf.pdf\" rel=\"nofollow\" target=\"_blank\">Guide des entreprises \u00e0 Paris La D\u00e9fense<\/a><\/li>\n<\/ul>\n<\/div>\n<div style=\"background: white;padding: 15px;margin: 10px 0;border-left: 4px solid #6f42c1\">\n<h3 style=\"color: #6f42c1;margin-bottom: 10px\">\ud83d\udc65 Communaut\u00e9 et Experts<\/h3>\n<p>Pour des conseils et des formations en prise de parole en public, vous pouvez contacter les agences suivantes :<\/p>\n<ul>\n<li><strong>C\u0153ur D\u00e9fense<\/strong> &#8211; 100-110 esplanade du G\u00e9n\u00e9ral-de-Gaulle, 92400 Courbevoie. Mail : <a href=\"mailto:coeurdefense.conferences.fr@sodexo.com\">coeurdefense.conferences.fr@sodexo.com<\/a>. T\u00e9l : 01 49 03 96 37.<\/li>\n<li><strong>CNIT Forest<\/strong> &#8211; 4 boulevard de Neuilly, 92400 Courbevoie. Mail : <a href=\"mailto:h0771-gm@accor.com\">h0771-gm@accor.com<\/a>. T\u00e9l : 01 41 97 40 40.<\/li>\n<li><strong>Ic\u00f4ne Oxygen<\/strong> &#8211; 8 bis esplanade du G\u00e9n\u00e9ral-de-Gaulle, 92400 Courbevoie. Mail : <a href=\"mailto:franck@oxygen-ladefense.fr\">franck@oxygen-ladefense.fr<\/a>. T\u00e9l : 01 84 20 87 64.<\/li>\n<li><strong>Deskeo La D\u00e9fense<\/strong> &#8211;<br \/>\n<h2>Techniques pour r\u00e9diger un discours inspirant<\/h2>\n<p>Pour passer de la page blanche \u00e0 un discours inspirant abouti, nous recommandons une d\u00e9marche m\u00e9thodique, qui s\u2019appuie sur les pratiques de formation de structures comme <strong>HEC Paris Executive Education<\/strong> ou <strong>Sciences Po Executive<\/strong>.<\/p>\n<p>La premi\u00e8re \u00e9tape consiste \u00e0 <u>clarifier l\u2019objectif<\/u>. Souhaitez-vous <strong>informer<\/strong>, <strong>motiver<\/strong>, <strong>transformer<\/strong>, <strong>remercier<\/strong> ou <strong>mobiliser une \u00e9quipe<\/strong> ? Un discours de kick-off commercial pour une filiale de <strong>L\u2019Or\u00e9al, groupe cosm\u00e9tique<\/strong>, n\u2019aura pas la m\u00eame tonalit\u00e9 qu\u2019un discours de crise d\u2019un <strong>CEO<\/strong> industriel apr\u00e8s un incident de production. Ensuite, il s\u2019agit d\u2019<strong>analyser le public<\/strong> : niveau de connaissance, attentes, \u00e9tat \u00e9motionnel, objections potentielles.<\/p>\n<ul>\n<li><strong>\u00c9tape 1 \u2013 Objectif<\/strong> : formuler noir sur blanc la transformation souhait\u00e9e ( \u00e0 la fin, je veux que mon \u00e9quipe se sente capable de\u2026 ?).<\/li>\n<li><strong>\u00c9tape 2 \u2013 Public<\/strong> : dresser le  portrait ? de l\u2019auditoire (fonction, culture, enjeux, fatigue \u00e9ventuelle).<\/li>\n<li><strong>\u00c9tape 3 \u2013 Vivier de contenu<\/strong> : collecter id\u00e9es, chiffres, citations, t\u00e9moignages, sc\u00e8nes v\u00e9cues.<\/li>\n<li><strong>\u00c9tape 4 \u2013 Plan d\u00e9taill\u00e9<\/strong> : organiser en parties logiques, alterner rationnel et \u00e9motionnel.<\/li>\n<li><strong>\u00c9tape 5 \u2013 R\u00e9daction<\/strong> : style simple, phrases courtes, verbes d\u2019action, m\u00e9taphores parlantes.<\/li>\n<li><strong>\u00c9tape 6 \u2013 R\u00e9\u00e9criture orale<\/strong> : lecture \u00e0 voix haute, coupe du superflu, soin des transitions.<\/li>\n<\/ul>\n<p>Les \u00e9tudes sur l\u2019<strong>anxi\u00e9t\u00e9 de performance<\/strong> indiquent qu\u2019environ <u>3 personnes sur 4 ressentent une forme de peur de parler en public<\/p>\n","protected":false},"excerpt":{"rendered":"","protected":false},"author":1,"featured_media":7695,"comment_status":"open","ping_status":"open","sticky":false,"template":"","format":"standard","meta":{"_acf_changed":false,"manual_indexmenow":false,"indexmenow_id_project":0,"footnotes":""},"categories":[4521],"tags":[4744,4745,4747],"class_list":["post-7693","post","type-post","status-publish","format-standard","has-post-thumbnail","hentry","category-discours-celebres","tag-discours-inspirant","tag-pouvoir-des-mots","tag-transformation-vie","generate-columns","tablet-grid-50","mobile-grid-100","grid-parent","grid-25"],"acf":[],"yoast_head":"<!-- This site is optimized with the Yoast SEO Premium plugin v21.3 (Yoast SEO v25.6) - https:\/\/yoast.com\/wordpress\/plugins\/seo\/ -->\n<title>Comment un discours inspirant peut transformer votre vie gr\u00e2ce au pouvoir des mots<\/title>\n<meta name=\"description\" content=\"\ud83d\udccb En bref \u25b8 Un discours inspirant incite \u00e0 l&#039;action et peut transformer des vies. Des figures comme Martin Luther King Jr. et Greta Thunberg\" \/>\n<meta name=\"robots\" content=\"index, follow, max-snippet:-1, max-image-preview:large, max-video-preview:-1\" \/>\n<link rel=\"canonical\" href=\"https:\/\/kodesmots.fr\/blog\/discours-celebres\/comment-un-discours-inspirant-peut-transformer-votre-vie-grace-au-pouvoir-des-mots\/\" \/>\n<meta property=\"og:locale\" content=\"fr_FR\" \/>\n<meta property=\"og:type\" content=\"article\" \/>\n<meta property=\"og:title\" content=\"Comment un discours inspirant peut transformer votre vie gr\u00e2ce au pouvoir des mots\" \/>\n<meta property=\"og:description\" content=\"\ud83d\udccb En bref \u25b8 Un discours inspirant incite \u00e0 l&#039;action et peut transformer des vies. Des figures comme Martin Luther King Jr. et Greta Thunberg\" \/>\n<meta property=\"og:url\" content=\"https:\/\/kodesmots.fr\/blog\/discours-celebres\/comment-un-discours-inspirant-peut-transformer-votre-vie-grace-au-pouvoir-des-mots\/\" \/>\n<meta property=\"og:site_name\" content=\"kodesmots\" \/>\n<meta property=\"og:image\" content=\"https:\/\/kodesmots.fr\/blog\/wp-content\/uploads\/2025\/12\/pag-image-69402ac647407-scaled.png\" \/>\n\t<meta property=\"og:image:width\" content=\"1200\" \/>\n\t<meta property=\"og:image:height\" content=\"686\" \/>\n\t<meta property=\"og:image:type\" content=\"image\/png\" \/>\n<meta name=\"twitter:card\" content=\"summary_large_image\" \/>\n<script type=\"application\/ld+json\" class=\"yoast-schema-graph\">{\"@context\":\"https:\/\/schema.org\",\"@graph\":[{\"@type\":\"NewsArticle\",\"@id\":\"https:\/\/kodesmots.fr\/blog\/discours-celebres\/comment-un-discours-inspirant-peut-transformer-votre-vie-grace-au-pouvoir-des-mots\/#article\",\"isPartOf\":{\"@id\":\"https:\/\/kodesmots.fr\/blog\/discours-celebres\/comment-un-discours-inspirant-peut-transformer-votre-vie-grace-au-pouvoir-des-mots\/\"},\"author\":{\"name\":\"\",\"@id\":\"\"},\"headline\":\"Comment un discours inspirant peut transformer votre vie gr\u00e2ce au pouvoir des mots\",\"datePublished\":\"2026-02-09T08:15:00+00:00\",\"mainEntityOfPage\":{\"@id\":\"https:\/\/kodesmots.fr\/blog\/discours-celebres\/comment-un-discours-inspirant-peut-transformer-votre-vie-grace-au-pouvoir-des-mots\/\"},\"wordCount\":1445,\"commentCount\":0,\"publisher\":{\"@id\":\"https:\/\/kodesmots.fr\/blog\/#organization\"},\"image\":{\"@id\":\"https:\/\/kodesmots.fr\/blog\/discours-celebres\/comment-un-discours-inspirant-peut-transformer-votre-vie-grace-au-pouvoir-des-mots\/#primaryimage\"},\"thumbnailUrl\":\"https:\/\/kodesmots.fr\/blog\/wp-content\/uploads\/2025\/12\/pag-image-69402ac647407-scaled.png\",\"keywords\":[\"discours inspirant\",\"pouvoir des mots\",\"transformation vie\"],\"articleSection\":[\"Discours C\u00e9l\u00e8bres\"],\"inLanguage\":\"fr-FR\",\"potentialAction\":[{\"@type\":\"CommentAction\",\"name\":\"Comment\",\"target\":[\"https:\/\/kodesmots.fr\/blog\/discours-celebres\/comment-un-discours-inspirant-peut-transformer-votre-vie-grace-au-pouvoir-des-mots\/#respond\"]}]},{\"@type\":\"WebPage\",\"@id\":\"https:\/\/kodesmots.fr\/blog\/discours-celebres\/comment-un-discours-inspirant-peut-transformer-votre-vie-grace-au-pouvoir-des-mots\/\",\"url\":\"https:\/\/kodesmots.fr\/blog\/discours-celebres\/comment-un-discours-inspirant-peut-transformer-votre-vie-grace-au-pouvoir-des-mots\/\",\"name\":\"Comment un discours inspirant peut transformer votre vie gr\u00e2ce au pouvoir des mots\",\"isPartOf\":{\"@id\":\"https:\/\/kodesmots.fr\/blog\/#website\"},\"primaryImageOfPage\":{\"@id\":\"https:\/\/kodesmots.fr\/blog\/discours-celebres\/comment-un-discours-inspirant-peut-transformer-votre-vie-grace-au-pouvoir-des-mots\/#primaryimage\"},\"image\":{\"@id\":\"https:\/\/kodesmots.fr\/blog\/discours-celebres\/comment-un-discours-inspirant-peut-transformer-votre-vie-grace-au-pouvoir-des-mots\/#primaryimage\"},\"thumbnailUrl\":\"https:\/\/kodesmots.fr\/blog\/wp-content\/uploads\/2025\/12\/pag-image-69402ac647407-scaled.png\",\"datePublished\":\"2026-02-09T08:15:00+00:00\",\"description\":\"\ud83d\udccb En bref \u25b8 Un discours inspirant incite \u00e0 l&#039;action et peut transformer des vies. Des figures comme Martin Luther King Jr. et Greta Thunberg\",\"inLanguage\":\"fr-FR\",\"potentialAction\":[{\"@type\":\"ReadAction\",\"target\":[\"https:\/\/kodesmots.fr\/blog\/discours-celebres\/comment-un-discours-inspirant-peut-transformer-votre-vie-grace-au-pouvoir-des-mots\/\"]}]},{\"@type\":\"ImageObject\",\"inLanguage\":\"fr-FR\",\"@id\":\"https:\/\/kodesmots.fr\/blog\/discours-celebres\/comment-un-discours-inspirant-peut-transformer-votre-vie-grace-au-pouvoir-des-mots\/#primaryimage\",\"url\":\"https:\/\/kodesmots.fr\/blog\/wp-content\/uploads\/2025\/12\/pag-image-69402ac647407-scaled.png\",\"contentUrl\":\"https:\/\/kodesmots.fr\/blog\/wp-content\/uploads\/2025\/12\/pag-image-69402ac647407-scaled.png\",\"width\":1200,\"height\":686,\"caption\":\"Image g\u00e9n\u00e9r\u00e9e par IA optimis\u00e9e pour Google Discover\"},{\"@type\":\"WebSite\",\"@id\":\"https:\/\/kodesmots.fr\/blog\/#website\",\"url\":\"https:\/\/kodesmots.fr\/blog\/\",\"name\":\"kodesmots.fr\",\"description\":\"Kodesmots, d\u00e9codez le pouvoir des mots\",\"publisher\":{\"@id\":\"https:\/\/kodesmots.fr\/blog\/#organization\"},\"alternateName\":\"Kodesmots, d\u00e9codez le pouvoir des mots\",\"potentialAction\":[{\"@type\":\"SearchAction\",\"target\":{\"@type\":\"EntryPoint\",\"urlTemplate\":\"https:\/\/kodesmots.fr\/blog\/?s={search_term_string}\"},\"query-input\":{\"@type\":\"PropertyValueSpecification\",\"valueRequired\":true,\"valueName\":\"search_term_string\"}}],\"inLanguage\":\"fr-FR\"},{\"@type\":\"Organization\",\"@id\":\"https:\/\/kodesmots.fr\/blog\/#organization\",\"name\":\"Foretsensations.fr\",\"url\":\"https:\/\/kodesmots.fr\/blog\/\",\"logo\":{\"@type\":\"ImageObject\",\"inLanguage\":\"fr-FR\",\"@id\":\"https:\/\/kodesmots.fr\/blog\/#\/schema\/logo\/image\/\",\"url\":\"https:\/\/kodesmots.fr\/blog\/wp-content\/uploads\/2024\/12\/koDesMots.png\",\"contentUrl\":\"https:\/\/kodesmots.fr\/blog\/wp-content\/uploads\/2024\/12\/koDesMots.png\",\"width\":500,\"height\":500,\"caption\":\"Foretsensations.fr\"},\"image\":{\"@id\":\"https:\/\/kodesmots.fr\/blog\/#\/schema\/logo\/image\/\"}},{\"@type\":\"Person\",\"@id\":\"\",\"url\":\"https:\/\/kodesmots.fr\/blog\/auteur\/\"}]}<\/script>\n<!-- \/ Yoast SEO Premium plugin. -->","yoast_head_json":{"title":"Comment un discours inspirant peut transformer votre vie gr\u00e2ce au pouvoir des mots","description":"\ud83d\udccb En bref \u25b8 Un discours inspirant incite \u00e0 l&#039;action et peut transformer des vies. Des figures comme Martin Luther King Jr. et Greta Thunberg","robots":{"index":"index","follow":"follow","max-snippet":"max-snippet:-1","max-image-preview":"max-image-preview:large","max-video-preview":"max-video-preview:-1"},"canonical":"https:\/\/kodesmots.fr\/blog\/discours-celebres\/comment-un-discours-inspirant-peut-transformer-votre-vie-grace-au-pouvoir-des-mots\/","og_locale":"fr_FR","og_type":"article","og_title":"Comment un discours inspirant peut transformer votre vie gr\u00e2ce au pouvoir des mots","og_description":"\ud83d\udccb En bref \u25b8 Un discours inspirant incite \u00e0 l&#039;action et peut transformer des vies. Des figures comme Martin Luther King Jr. et Greta Thunberg","og_url":"https:\/\/kodesmots.fr\/blog\/discours-celebres\/comment-un-discours-inspirant-peut-transformer-votre-vie-grace-au-pouvoir-des-mots\/","og_site_name":"kodesmots","og_image":[{"width":1200,"height":686,"url":"https:\/\/kodesmots.fr\/blog\/wp-content\/uploads\/2025\/12\/pag-image-69402ac647407-scaled.png","type":"image\/png"}],"twitter_card":"summary_large_image","schema":{"@context":"https:\/\/schema.org","@graph":[{"@type":"NewsArticle","@id":"https:\/\/kodesmots.fr\/blog\/discours-celebres\/comment-un-discours-inspirant-peut-transformer-votre-vie-grace-au-pouvoir-des-mots\/#article","isPartOf":{"@id":"https:\/\/kodesmots.fr\/blog\/discours-celebres\/comment-un-discours-inspirant-peut-transformer-votre-vie-grace-au-pouvoir-des-mots\/"},"author":{"name":"","@id":""},"headline":"Comment un discours inspirant peut transformer votre vie gr\u00e2ce au pouvoir des mots","datePublished":"2026-02-09T08:15:00+00:00","mainEntityOfPage":{"@id":"https:\/\/kodesmots.fr\/blog\/discours-celebres\/comment-un-discours-inspirant-peut-transformer-votre-vie-grace-au-pouvoir-des-mots\/"},"wordCount":1445,"commentCount":0,"publisher":{"@id":"https:\/\/kodesmots.fr\/blog\/#organization"},"image":{"@id":"https:\/\/kodesmots.fr\/blog\/discours-celebres\/comment-un-discours-inspirant-peut-transformer-votre-vie-grace-au-pouvoir-des-mots\/#primaryimage"},"thumbnailUrl":"https:\/\/kodesmots.fr\/blog\/wp-content\/uploads\/2025\/12\/pag-image-69402ac647407-scaled.png","keywords":["discours inspirant","pouvoir des mots","transformation vie"],"articleSection":["Discours C\u00e9l\u00e8bres"],"inLanguage":"fr-FR","potentialAction":[{"@type":"CommentAction","name":"Comment","target":["https:\/\/kodesmots.fr\/blog\/discours-celebres\/comment-un-discours-inspirant-peut-transformer-votre-vie-grace-au-pouvoir-des-mots\/#respond"]}]},{"@type":"WebPage","@id":"https:\/\/kodesmots.fr\/blog\/discours-celebres\/comment-un-discours-inspirant-peut-transformer-votre-vie-grace-au-pouvoir-des-mots\/","url":"https:\/\/kodesmots.fr\/blog\/discours-celebres\/comment-un-discours-inspirant-peut-transformer-votre-vie-grace-au-pouvoir-des-mots\/","name":"Comment un discours inspirant peut transformer votre vie gr\u00e2ce au pouvoir des mots","isPartOf":{"@id":"https:\/\/kodesmots.fr\/blog\/#website"},"primaryImageOfPage":{"@id":"https:\/\/kodesmots.fr\/blog\/discours-celebres\/comment-un-discours-inspirant-peut-transformer-votre-vie-grace-au-pouvoir-des-mots\/#primaryimage"},"image":{"@id":"https:\/\/kodesmots.fr\/blog\/discours-celebres\/comment-un-discours-inspirant-peut-transformer-votre-vie-grace-au-pouvoir-des-mots\/#primaryimage"},"thumbnailUrl":"https:\/\/kodesmots.fr\/blog\/wp-content\/uploads\/2025\/12\/pag-image-69402ac647407-scaled.png","datePublished":"2026-02-09T08:15:00+00:00","description":"\ud83d\udccb En bref \u25b8 Un discours inspirant incite \u00e0 l&#039;action et peut transformer des vies. Des figures comme Martin Luther King Jr. et Greta Thunberg","inLanguage":"fr-FR","potentialAction":[{"@type":"ReadAction","target":["https:\/\/kodesmots.fr\/blog\/discours-celebres\/comment-un-discours-inspirant-peut-transformer-votre-vie-grace-au-pouvoir-des-mots\/"]}]},{"@type":"ImageObject","inLanguage":"fr-FR","@id":"https:\/\/kodesmots.fr\/blog\/discours-celebres\/comment-un-discours-inspirant-peut-transformer-votre-vie-grace-au-pouvoir-des-mots\/#primaryimage","url":"https:\/\/kodesmots.fr\/blog\/wp-content\/uploads\/2025\/12\/pag-image-69402ac647407-scaled.png","contentUrl":"https:\/\/kodesmots.fr\/blog\/wp-content\/uploads\/2025\/12\/pag-image-69402ac647407-scaled.png","width":1200,"height":686,"caption":"Image g\u00e9n\u00e9r\u00e9e par IA optimis\u00e9e pour Google Discover"},{"@type":"WebSite","@id":"https:\/\/kodesmots.fr\/blog\/#website","url":"https:\/\/kodesmots.fr\/blog\/","name":"kodesmots.fr","description":"Kodesmots, d\u00e9codez le pouvoir des mots","publisher":{"@id":"https:\/\/kodesmots.fr\/blog\/#organization"},"alternateName":"Kodesmots, d\u00e9codez le pouvoir des mots","potentialAction":[{"@type":"SearchAction","target":{"@type":"EntryPoint","urlTemplate":"https:\/\/kodesmots.fr\/blog\/?s={search_term_string}"},"query-input":{"@type":"PropertyValueSpecification","valueRequired":true,"valueName":"search_term_string"}}],"inLanguage":"fr-FR"},{"@type":"Organization","@id":"https:\/\/kodesmots.fr\/blog\/#organization","name":"Foretsensations.fr","url":"https:\/\/kodesmots.fr\/blog\/","logo":{"@type":"ImageObject","inLanguage":"fr-FR","@id":"https:\/\/kodesmots.fr\/blog\/#\/schema\/logo\/image\/","url":"https:\/\/kodesmots.fr\/blog\/wp-content\/uploads\/2024\/12\/koDesMots.png","contentUrl":"https:\/\/kodesmots.fr\/blog\/wp-content\/uploads\/2024\/12\/koDesMots.png","width":500,"height":500,"caption":"Foretsensations.fr"},"image":{"@id":"https:\/\/kodesmots.fr\/blog\/#\/schema\/logo\/image\/"}},{"@type":"Person","@id":"","url":"https:\/\/kodesmots.fr\/blog\/auteur\/"}]}},"_links":{"self":[{"href":"https:\/\/kodesmots.fr\/blog\/wp-json\/wp\/v2\/posts\/7693","targetHints":{"allow":["GET"]}}],"collection":[{"href":"https:\/\/kodesmots.fr\/blog\/wp-json\/wp\/v2\/posts"}],"about":[{"href":"https:\/\/kodesmots.fr\/blog\/wp-json\/wp\/v2\/types\/post"}],"author":[{"embeddable":true,"href":"https:\/\/kodesmots.fr\/blog\/wp-json\/wp\/v2\/users\/1"}],"replies":[{"embeddable":true,"href":"https:\/\/kodesmots.fr\/blog\/wp-json\/wp\/v2\/comments?post=7693"}],"version-history":[{"count":1,"href":"https:\/\/kodesmots.fr\/blog\/wp-json\/wp\/v2\/posts\/7693\/revisions"}],"predecessor-version":[{"id":7734,"href":"https:\/\/kodesmots.fr\/blog\/wp-json\/wp\/v2\/posts\/7693\/revisions\/7734"}],"wp:featuredmedia":[{"embeddable":true,"href":"https:\/\/kodesmots.fr\/blog\/wp-json\/wp\/v2\/media\/7695"}],"wp:attachment":[{"href":"https:\/\/kodesmots.fr\/blog\/wp-json\/wp\/v2\/media?parent=7693"}],"wp:term":[{"taxonomy":"category","embeddable":true,"href":"https:\/\/kodesmots.fr\/blog\/wp-json\/wp\/v2\/categories?post=7693"},{"taxonomy":"post_tag","embeddable":true,"href":"https:\/\/kodesmots.fr\/blog\/wp-json\/wp\/v2\/tags?post=7693"}],"curies":[{"name":"wp","href":"https:\/\/api.w.org\/{rel}","templated":true}]}}