{"id":7708,"date":"2026-02-26T09:26:00","date_gmt":"2026-02-26T08:26:00","guid":{"rendered":"https:\/\/kodesmots.fr\/blog\/?p=7708"},"modified":"2026-02-26T09:26:00","modified_gmt":"2026-02-26T08:26:00","slug":"comment-les-discours-historiques-ont-faconne-le-cours-de-lhistoire","status":"publish","type":"post","link":"https:\/\/kodesmots.fr\/blog\/discours-celebres\/comment-les-discours-historiques-ont-faconne-le-cours-de-lhistoire\/","title":{"rendered":"Comment les discours historiques ont fa\u00e7onn\u00e9 le cours de l&rsquo;histoire"},"content":{"rendered":"<div style=\"background: linear-gradient(135deg, #f5f7fa 0%, #e9ecef 100%);border-left: 4px solid #0073aa;padding: 15px 20px;margin: 0 0 25px 0;border-radius: 0 8px 8px 0\">\n<p style=\"margin: 0;font-size: 14px;color: #0073aa;font-weight: 600;text-transform: uppercase;letter-spacing: 1px;margin-bottom: 10px\">\ud83d\udccb En bref<\/p>\n<ul style=\"margin: 0;padding-left: 20px;list-style-type: none\">\n<li style=\"margin: 5px 0;color: #333;font-size: 15px;line-height: 1.5;position: relative;padding-left: 15px\"><span style=\"position: absolute;left: 0;color: #0073aa\">\u25b8<\/span> Un discours historique est une prise de parole publique qui impacte durablement les \u00e9v\u00e9nements et les mentalit\u00e9s. Des figures comme Lincoln, King et Mandela ont utilis\u00e9 ces discours pour transformer des contextes de crise en visions d&#039;avenir. La structure rh\u00e9torique est essentielle pour rendre ces discours m\u00e9morables et influents.<\/li>\n<\/ul>\n<\/div>\n<h1>Les Discours Historiques Qui Ont Chang\u00e9 le Cours de l&rsquo;Histoire<\/h1>\n<h2>Qu\u2019est-ce qu\u2019un discours historique ? D\u00e9finition, enjeux et sp\u00e9cificit\u00e9s<\/h2>\n<p>Nous pouvons d\u00e9finir un <u>discours historique<\/u> comme une <strong>prise de parole publique<\/strong> prononc\u00e9e \u00e0 un <strong>moment charni\u00e8re<\/strong> \u2014 guerre, r\u00e9volution, crise institutionnelle, tournant soci\u00e9tal \u2014 et qui exerce un <u>impact durable sur les \u00e9v\u00e9nements, les mentalit\u00e9s ou les institutions<\/u>. Il ne s\u2019agit pas simplement d\u2019un texte \u00e9loquent, mais d\u2019un acte de langage qui s\u2019inscrit dans une conjoncture pr\u00e9cise, puis produit des effets mesurables sur la dur\u00e9e : r\u00e9formes, mobilisations, recomposition symbolique ou m\u00e9morielle.<\/p>\n<p>En sciences humaines, la notion de <strong>discours historique<\/strong> se distingue du <strong>discours historiographique<\/strong>, c\u2019est-\u00e0-dire le r\u00e9cit de l\u2019historien qui raconte le pass\u00e9. Le <u>discours historique au sens oratoire<\/u> est un \u00e9v\u00e9nement en soi, int\u00e9gr\u00e9 au tissu des <strong>faits sociaux<\/strong>, comme l\u2019a montr\u00e9 la recherche sur le <strong>discours social<\/strong>, qui consid\u00e8re ce qui se dit et s\u2019\u00e9crit dans une soci\u00e9t\u00e9 comme une composante de l\u2019<u>h\u00e9g\u00e9monie culturelle<\/u>. Nous sommes donc face \u00e0 des paroles qui ne se contentent pas de d\u00e9crire le r\u00e9el, elles le transforment.<\/p>\n<ul>\n<li><strong>Abraham Lincoln<\/strong>, pr\u00e9sident des \u00c9tats-Unis, avec le <strong>discours de Gettysburg<\/strong> prononc\u00e9 en novembre <strong>1863<\/strong> pendant la <strong>Guerre de S\u00e9cession<\/strong>, a red\u00e9fini le sens de l\u2019Union am\u00e9ricaine autour de l\u2019\u00e9galit\u00e9 et de la d\u00e9mocratie.<\/li>\n<li><strong>Martin Luther King Jr.<\/strong>, le 28 ao\u00fbt <strong>1963<\/strong> \u00e0 <strong>Washington D.C.<\/strong>, a fait du discours  <strong>I Have a Dream<\/strong> ? un texte pivot de la lutte pour les droits civiques, devant environ <u>250 000 personnes r\u00e9unies au Lincoln Memorial<\/u>.<\/li>\n<li><strong>Winston Churchill<\/strong>, pendant les ann\u00e9es <strong>1940\u20131945<\/strong>, a utilis\u00e9 des allocutions radiodiffus\u00e9es comme  <strong>We shall fight on the beaches<\/strong> ? pour maintenir la coh\u00e9sion du <strong>Royaume-Uni<\/strong> face \u00e0 l\u2019<strong>Allemagne nazie<\/strong>.<\/li>\n<li><strong>Nelson Mandela<\/strong>, lors de son discours d\u2019investiture comme pr\u00e9sident de la <strong>R\u00e9publique d\u2019Afrique du Sud<\/strong> en mai <strong>1994<\/strong> \u00e0 <strong>Pretoria<\/strong>, a symbolis\u00e9 la sortie institutionnelle de l\u2019<strong>apartheid<\/strong> et l\u2019entr\u00e9e dans une \u00e8re de <strong>r\u00e9conciliation nationale<\/strong>.<\/li>\n<\/ul>\n<p>Nous constatons \u00e0 travers ces cas que le <u>discours historique conjugue trois dimensions<\/u> : un contexte de crise, une vision claire du futur, et une forme rh\u00e9torique suffisamment forte pour \u00eatre m\u00e9moris\u00e9e, cit\u00e9e, enseign\u00e9e, parfois canonis\u00e9e dans les programmes scolaires.<\/p>\n<h2>Les \u00e9l\u00e9ments cl\u00e9s d\u2019un discours percutant et m\u00e9morable<\/h2>\n<p>Un <strong>discours historique c\u00e9l\u00e8bre<\/strong> se construit rarement au hasard. Les grands orateurs, de <strong>John F. Kennedy<\/strong> \u00e0 <strong>Charles de Gaulle<\/strong>, structurent leurs interventions selon une architecture pr\u00e9cise : une accroche qui capte imm\u00e9diatement l\u2019attention, un d\u00e9veloppement o\u00f9 les enjeux sont nomm\u00e9s et hi\u00e9rarchis\u00e9s, un <strong>climax rh\u00e9torique<\/strong> qui cristallise l\u2019\u00e9motion, puis une conclusion qui laisse une formule durablement r\u00e9utilisable. Cette structure s\u2019appuie sur des proc\u00e9d\u00e9s bien document\u00e9s par la <strong>rh\u00e9torique classique<\/strong>, h\u00e9rit\u00e9e de l\u2019Antiquit\u00e9 grecque et romaine.<\/p>\n<p>Les discours qui marquent reposent souvent sur des <strong>anaphores<\/strong> (r\u00e9p\u00e9titions de structure), un usage ma\u00eetris\u00e9 des <u>m\u00e9taphores politiques<\/u>, ainsi que sur des <strong>contrastes binaires<\/strong> (guerre\/paix, peur\/espoir, pass\u00e9\/futur). Le recours \u00e0 un <strong>langage \u00e9motionnel<\/strong>, soutenu par des <strong>anecdotes personnelles<\/strong> ou des r\u00e9f\u00e9rences \u00e0 des <strong>symboles nationaux<\/strong> (Constitution, drapeau, figures fondatrices), transforme une argumentation abstraite en r\u00e9cit collectif mobilisateur.<\/p>\n<ul>\n<li>Dans son discours d\u2019investiture du 20 janvier <strong>1961<\/strong> \u00e0 <strong>Washington D.C.<\/strong>, <strong>John F. Kennedy<\/strong> lance :  <strong>Ask not what your country can do for you \u2013 ask what you can do for your country<\/strong> ?. Cette phrase courte, rythm\u00e9e, facilement m\u00e9morisable, condense toute une vision de l\u2019engagement civique.<\/li>\n<li>L\u2019<strong>Appel du 18 juin 1940<\/strong>, prononc\u00e9 par <strong>Charles de Gaulle<\/strong> depuis les studios de la <strong>BBC \u00e0 Londres<\/strong>, s\u2019appuie sur un contraste entre la d\u00e9faite militaire imm\u00e9diate et la perspective d\u2019une <u>France libre et victorieuse \u00e0 long terme<\/u>, cr\u00e9ant un espace de projection pour la R\u00e9sistance.<\/li>\n<li>Le discours de <strong>Malala Yousafzai<\/strong> au si\u00e8ge de l\u2019<strong>Organisation des Nations unies (ONU)<\/strong> \u00e0 <strong>New York<\/strong>, le 12 juillet <strong>2013<\/strong>, combine r\u00e9cit biographique (son attaque par les talibans en <strong>2012<\/strong> au <strong>Pakistan<\/strong>), statistiques sur l\u2019\u00e9ducation et appel \u00e0 des politiques publiques concr\u00e8tes.<\/li>\n<\/ul>\n<p>Nous devons aussi prendre en compte le <strong>non-verbal<\/strong> : posture, regard, gestion des silences, d\u00e9bit de parole. Les archives film\u00e9es montrent que la <u>mise en sc\u00e8ne corporelle<\/u> de <strong>Martin Luther King Jr.<\/strong> ou de <strong>Barack Obama<\/strong> renforce la force de leurs mots. L\u2019essor de la <strong>radio au XXe si\u00e8cle<\/strong>, puis de la <strong>t\u00e9l\u00e9vision<\/strong> et enfin des <strong>r\u00e9seaux sociaux num\u00e9riques<\/strong>, a renforc\u00e9 ce lien entre forme oratoire et impact symbolique en \u00e9largissant consid\u00e9rablement l\u2019audience potentielle.<\/p>\n<h2>Analyse approfondie de quelques discours historiques embl\u00e9matiques<\/h2>\n<p>Le discours  <strong>I Have a Dream<\/strong> ?, prononc\u00e9 par <strong>Martin Luther King Jr.<\/strong> le 28 ao\u00fbt <strong>1963<\/strong> lors de la <strong>Marche sur Washington pour l\u2019emploi et la libert\u00e9<\/strong>, illustre parfaitement la convergence entre contexte, rh\u00e9torique et effets politiques. Cet \u00e9v\u00e9nement r\u00e9unit environ <u>250 000 manifestants au c\u0153ur de Washington D.C.<\/u>, ce qui en fait l\u2019une des plus grandes mobilisations de l\u2019histoire am\u00e9ricaine de l\u2019\u00e9poque. King articule une premi\u00e8re partie fond\u00e9e sur le vocabulaire des <strong>documents fondateurs des \u00c9tats-Unis<\/strong> (D\u00e9claration d\u2019ind\u00e9pendance, Constitution), puis bascule vers la s\u00e9quence r\u00e9p\u00e9t\u00e9e  I have a dream ?, qui propose une vision raciale et sociale r\u00e9concili\u00e9e. Ce discours est largement diffus\u00e9 par les grandes cha\u00eenes de t\u00e9l\u00e9vision nationales, comme <strong>CBS<\/strong> et <strong>NBC<\/strong>, ce qui lui donne une audience de plusieurs dizaines de millions de t\u00e9l\u00e9spectateurs.<\/p>\n<p>Nous savons que ce moment contribue \u00e0 cr\u00e9er un climat politique favorable \u00e0 l\u2019adoption du <strong>Civil Rights Act de 1964<\/strong> et du <strong>Voting Rights Act de 1965<\/strong>, deux lois f\u00e9d\u00e9rales cl\u00e9s sign\u00e9es par le pr\u00e9sident <strong>Lyndon B. Johnson<\/strong>. Le discours est depuis int\u00e9gr\u00e9 \u00e0 d\u2019innombrables manuels scolaires aux \u00c9tats-Unis et en <strong>Europe<\/strong>, traduit dans un grand nombre de langues, et r\u00e9guli\u00e8rement cit\u00e9 dans les d\u00e9bats sur les discriminations raciales, y compris dans le contexte du mouvement <strong>Black Lives Matter<\/strong> lanc\u00e9 en <strong>2013<\/strong>.<\/p>\n<ul>\n<li>Le discours de <strong>Malala Yousafzai<\/strong> au si\u00e8ge de l\u2019<strong>ONU<\/strong>, le 12 juillet <strong>2013<\/strong>, intervient apr\u00e8s sa survie \u00e0 une tentative d\u2019assassinat revendiqu\u00e9e par les talibans dans la vall\u00e9e de <strong>Swat<\/strong>, au nord-ouest du <strong>Pakistan<\/strong>. Elle y plaide pour une <u>\u00e9ducation gratuite et obligatoire pour tous les enfants<\/u>, en insistant sur les filles. Ce discours est associ\u00e9 \u00e0 la campagne mondiale pour l\u2019\u00e9ducation, soutenue par l\u2019initiative <strong>Global Education First<\/strong> lanc\u00e9e par le secr\u00e9taire g\u00e9n\u00e9ral de l\u2019ONU <strong>Ban Ki-moon<\/strong>.<\/li>\n<li>Le discours de <strong>Barack Obama<\/strong> sur la question raciale, intitul\u00e9  <strong>A More Perfect Union<\/strong> ? et prononc\u00e9 \u00e0 <strong>Philadelphie<\/strong> le 18 mars <strong>2008<\/strong>, r\u00e9pond \u00e0 une controverse concernant les propos de son ancien pasteur. Obama y combine analyse historique de l\u2019<strong>esclavage<\/strong>, diagnostic des fractures raciales contemporaines et appel \u00e0 une nouvelle coalition \u00e9lectorale. La vid\u00e9o de ce discours, mise en ligne sur <strong>YouTube<\/strong>, atteint rapidement plusieurs millions de vues, ph\u00e9nom\u00e8ne remarquable pour l\u2019\u00e9poque.<\/li>\n<li>Le discours de <strong>Nelson Mandela<\/strong> \u00e0 sa sortie de prison, le 11 f\u00e9vrier <strong>1990<\/strong> \u00e0 <strong>Le Cap<\/strong>, puis celui de son investiture en <strong>1994<\/strong>, ont une fonction de <u>pacification symbolique<\/u> : ils rassurent les populations blanches du pays, tout en confirmant une transformation institutionnelle profonde, soutenue par le <strong>African National Congress (ANC)<\/strong>.<\/li>\n<\/ul>\n<p>Ces prises de parole se caract\u00e9risent par une forte m\u00e9diatisation. Par exemple, le discours de Malala est repris dans des centaines de m\u00e9dias internationaux, et ses extraits circulent massivement sur les plateformes comme <strong>Twitter<\/strong> et <strong>Facebook<\/strong>. Nous observons que certains passages d\u00e9passent les audiences traditionnelles : des extraits sous-titr\u00e9s g\u00e9n\u00e8rent plusieurs dizaines de millions de vues cumul\u00e9es, participant \u00e0 installer des enjeux comme l\u2019<strong>\u00e9ducation des filles<\/strong> au centre de l\u2019agenda des <strong>organisations internationales<\/strong> et des <strong>ONG<\/strong>.<\/p>\n<h2>Impact des discours historiques sur la soci\u00e9t\u00e9 moderne et les mouvements sociaux<\/h2>\n<p>Les <strong>discours historiques<\/strong> ne restent pas fig\u00e9s dans les archives, ils nourrissent les <strong>mouvements sociaux contemporains<\/strong> et les controverses politiques. Les slogans, les pancartes, les hashtags reprennent souvent des fragments de ces textes. Les mots de <strong>Martin Luther King Jr.<\/strong> r\u00e9apparaissent dans les marches du mouvement <strong>Black Lives Matter<\/strong> aux \u00c9tats-Unis et en <strong>Europe<\/strong> \u00e0 partir de <strong>2013<\/strong>, avec des r\u00e9f\u00e9rences explicites \u00e0 la  justice ? et au  r\u00eave ? inachev\u00e9, largement relay\u00e9es par les m\u00e9dias internationaux comme <strong>CNN<\/strong>, <strong>BBC News<\/strong> ou <strong>Le Monde<\/strong>.<\/p>\n<p>L\u2019appel de <strong>Malala Yousafzai<\/strong> pour l\u2019<strong>\u00e9ducation universelle<\/strong> des filles est mobilis\u00e9 par des organisations telles que <strong>UNICEF<\/strong>, agence des Nations unies pour l\u2019enfance, et par la fondation <strong>Malala Fund<\/strong>, qui finance des projets dans plusieurs pays, du <strong>Nigeria<\/strong> \u00e0 l\u2019<strong>Afghanistan<\/strong>. Ses interventions sont traduites en <u>plus de 40 langues<\/u>, selon les donn\u00e9es de diff\u00e9rents programmes de l\u2019ONU, ce qui renforce la dimension mondiale de son message. Nous voyons \u00e0 quel point ces discours deviennent des  r\u00e9pertoires de citations ? dans lesquels les militants piochent.<\/p>\n<ul>\n<li>Les extraits de  I Have a Dream ? figurent parmi les passages politiques les plus cit\u00e9s dans les m\u00e9dias anglophones, et sont repris \u00e0 chaque <u>anniversaire de la Marche sur Washington<\/u>, notamment en 2013 pour les 50 ans de l\u2019\u00e9v\u00e9nement.<\/li>\n<li>Les phrases de <strong>Winston Churchill<\/strong> pendant la <strong>Seconde Guerre mondiale<\/strong> sont r\u00e9guli\u00e8rement invoqu\u00e9es dans le d\u00e9bat britannique, par exemple lors des discussions sur le <strong>Brexit<\/strong> entre 2016 et 2020, pour exalter la pers\u00e9v\u00e9rance ou la souverainet\u00e9 nationale.<\/li>\n<li>Les r\u00e9f\u00e9rences aux discours de <strong>Greta Thunberg<\/strong>, militante su\u00e9doise pour le climat, \u00e0 l\u2019<strong>ONU<\/strong> en <strong>2019<\/strong> ( How dare you? ?), s\u2019inscrivent dans une tradition de prises de parole morales qui rappellent les grands discours pacifistes et environnementaux des d\u00e9cennies pr\u00e9c\u00e9dentes.<\/li>\n<\/ul>\n<p>Les donn\u00e9es de consultation sur les plateformes vid\u00e9o indiquent que certains discours d\u00e9passent rapidement les <u>dizaines de millions de vues<\/u>, ce qui n\u2019\u00e9tait pas concevable \u00e0 l\u2019\u00e9poque de la radio. Ces textes oraux alimentent aussi la construction d\u2019<strong>identit\u00e9s nationales<\/strong> : l\u2019Appel du 18 juin est devenu, en <strong>France<\/strong>, un pivot du r\u00e9cit gaulliste et de la m\u00e9moire de la <strong>R\u00e9sistance<\/strong>, tandis que le discours de <strong>Simone Veil<\/strong> \u00e0 l\u2019Assembl\u00e9e nationale sur la l\u00e9galisation de l\u2019<strong>IVG<\/strong> en novembre <strong>1974<\/strong> structure encore aujourd\u2019hui le d\u00e9bat fran\u00e7ais sur les droits des femmes.<\/p>\n<h2>Comment pr\u00e9parer un discours qui pourrait devenir historique ?<\/h2>\n<p>R\u00e9diger un <strong>discours percutant<\/strong>, susceptible de marquer les esprits, suppose une pr\u00e9paration rigoureuse que nous pouvons d\u00e9crire comme un processus structur\u00e9. La premi\u00e8re \u00e9tape consiste \u00e0 analyser le <strong>contexte<\/strong> : moment politique, lieu, rapport de forces, \u00e9tat de l\u2019opinion. Un discours prononc\u00e9 dans l\u2019h\u00e9micycle du <strong>Parlement europ\u00e9en \u00e0 Bruxelles<\/strong> n\u2019aura pas la m\u00eame configuration qu\u2019une allocution dans une place publique en <strong>Am\u00e9rique latine<\/strong>. Il faut aussi clarifier l\u2019<u>objectif principal<\/u> : convaincre, rassurer, annoncer une rupture, appeler \u00e0 l\u2019action ou formuler une r\u00e9conciliation.<\/p>\n<p>Nous recommandons de construire le texte autour d\u2019une <strong>id\u00e9e centrale forte<\/strong>, qui se d\u00e9cline ensuite en r\u00e9cit. Une structure narrative efficace peut suivre le sch\u00e9ma : <u>probl\u00e8me \u2013 tension \u2013 solution \u2013 appel<\/u>. Les grands orateurs comme <strong>Barack Obama<\/strong> ou <strong>Jacinda Ardern, Premi\u00e8re ministre de la Nouvelle-Z\u00e9lande<\/strong> jusqu\u2019en 2023, recourent \u00e0 des <strong>histoires personnelles<\/strong> ou \u00e0 des portraits de citoyens pour incarner les enjeux macro-politiques (ch\u00f4mage, crise climatique, terrorisme). Le vocabulaire doit rester accessible, pr\u00e9cis, appuy\u00e9 sur des <strong>chiffres<\/strong> pour cr\u00e9dibiliser le propos.<\/p>\n<ul>\n<li>Utiliser des outils rh\u00e9toriques \u00e9prouv\u00e9s : <strong>anaphores<\/strong> ( I have a dream\u2026 ?), <strong>questions rh\u00e9toriques<\/strong>, oppositions binaires et <strong>images symboliques<\/strong> (murs, ponts, lumi\u00e8re, nuit).<\/li>\n<li>Int\u00e9grer des <strong>citations historiques<\/strong> de figures respect\u00e9es, comme <strong>Nelson Mandela<\/strong>, <strong>Vaclav Havel<\/strong> ou <strong>Simone Veil<\/strong>, pour ancrer le discours dans une tradition intellectuelle.<\/li>\n<li>Pratiquer des <u>exercices concrets<\/u> : r\u00e9\u00e9crire un passage c\u00e9l\u00e8bre dans un contexte actuel, r\u00e9sumer tout son discours en une phrase, tester diff\u00e9rentes accroches \u00e0 voix haute devant un petit public.<\/li>\n<\/ul>\n<p>La pr\u00e9paration ne s\u2019arr\u00eate pas au texte. La phase de r\u00e9p\u00e9tition, \u00e0 l\u2019image du travail de figures comme <strong>Barack Obama<\/strong> qui consacrait de longues heures \u00e0 ses r\u00e9p\u00e9titions avant les discours majeurs, reste d\u00e9cisive. Nous conseillons de travailler la gestion du souffle, la ma\u00eetrise des silences, le contact visuel. Les techniques de <strong>prise de parole en public<\/strong>, enseign\u00e9es dans des institutions comme la <strong>Harvard Kennedy School<\/strong> ou les \u00e9coles de commerce europ\u00e9ennes, insistent justement sur cette dimension incarn\u00e9e, qui peut transformer une bonne r\u00e9daction en moment marquant.<\/p>\n<h2>Le r\u00f4le des m\u00e9dias et du num\u00e9rique dans la diffusion des discours historiques<\/h2>\n<p>Les <strong>m\u00e9dias<\/strong> jouent un r\u00f4le d\u00e9terminant dans la transformation d\u2019une intervention en <u>discours historique<\/u>. Au XXe si\u00e8cle, la <strong>radio<\/strong> a permis \u00e0 des dirigeants comme <strong>Franklin D. Roosevelt<\/strong>, pr\u00e9sident des \u00c9tats-Unis, de s\u2019adresser directement aux foyers gr\u00e2ce aux  <strong>Fireside Chats<\/strong> ? entre <strong>1933<\/strong> et <strong>1944<\/strong>. Les allocutions de <strong>Charles de Gaulle<\/strong> sur les ondes de la <strong>BBC<\/strong> ont p\u00e9n\u00e9tr\u00e9 le territoire fran\u00e7ais malgr\u00e9 l\u2019Occupation. La <strong>t\u00e9l\u00e9vision<\/strong> a ensuite donn\u00e9 une dimension visuelle aux discours de <strong>John F. Kennedy<\/strong> ou de <strong>Martin Luther King Jr.<\/strong>, en diffusant des images devenues embl\u00e9matiques, comme l\u2019arri\u00e8re-plan du <strong>Lincoln Memorial<\/strong>.<\/p>\n<p>Avec l\u2019essor d\u2019<strong>Internet<\/strong> et des <strong>r\u00e9seaux sociaux<\/strong> \u2014 <strong>YouTube<\/strong> en 2005, <strong>Twitter<\/strong> en 2006, <strong>Facebook<\/strong> ouvert au grand public en 2006 \u2014 la diffusion des discours s\u2019acc\u00e9l\u00e8re et se fragmente. Un discours peut aujourd\u2019hui \u00eatre vu en direct par quelques milliers de personnes dans une salle, puis par <u>des dizaines de millions d\u2019internautes<\/u> sous forme d\u2019extraits courts, sous-titr\u00e9s, remani\u00e9s en  clips ? de 30 \u00e0 90 secondes. Les \u00e9tudes sur la consommation de vid\u00e9os en ligne indiquent une <u>dur\u00e9e moyenne d\u2019attention de quelques minutes<\/u>, ce qui pousse les responsables politiques et militants \u00e0 condenser leurs messages en <strong>punchlines<\/strong> et en s\u00e9quences narratives tr\u00e8s resserr\u00e9es.<\/p>\n<ul>\n<li>Des discours comme celui de <strong>Greta Thunberg<\/strong> \u00e0 l\u2019<strong>ONU<\/strong> en septembre <strong>2019<\/strong> ont atteint plusieurs dizaines de millions de vues cumul\u00e9es sur les plateformes, faisant de phrases comme  <strong>How dare you?<\/strong> ? des marqueurs du discours climatique global.<\/li>\n<li>Les \u00e9quipes de communication de dirigeants tels que <strong>Emmanuel Macron<\/strong> en <strong>France<\/strong> ou <strong>Justin Trudeau<\/strong> au <strong>Canada<\/strong> int\u00e8grent d\u00e8s l\u2019\u00e9criture des discours la logique de l\u2019<strong>extrait partageable<\/strong> sur les r\u00e9seaux sociaux.<\/li>\n<li>Les r\u00e9dactions de m\u00e9dias comme <strong>BBC News<\/strong>, <strong>New York Times<\/strong> ou <strong>Al Jazeera<\/strong> s\u00e9lectionnent quelques phrases cl\u00e9s, les mettent en avant dans des titres, cr\u00e9ant un effet de focalisation sur certaines formules au d\u00e9triment du reste du propos.<\/li>\n<\/ul>\n<p>Nous observons ainsi que le statut  historique ? d\u2019un discours est en partie coconstruit par les m\u00e9dias : choix des extraits, angles de commentaire, \u00e9ditorialisation, logiques d\u2019audience. Cette dynamique peut g\u00e9n\u00e9rer une <u>polarisation<\/u>, en amplifiant certains passages pol\u00e9miques au d\u00e9triment des \u00e9l\u00e9ments de nuance. Le num\u00e9rique rend aussi possible la contestation imm\u00e9diate : des contre-discours, des parodies, des fact-checkings \u00e9mergent en temps r\u00e9el, contribuant \u00e0 la bataille symbolique autour du sens de la prise de parole.<\/p>\n<h2>L\u2019h\u00e9ritage des discours historiques dans l\u2019\u00e9ducation et la formation citoyenne<\/h2>\n<p>Les <strong>discours historiques<\/strong> occupent une place structurante dans les <strong>programmes scolaires<\/strong> et universitaires. En <strong>France<\/strong>, de nombreux lyc\u00e9es analysent, en cours d\u2019<strong>histoire-g\u00e9ographie<\/strong> ou d\u2019<strong>enseignement moral et civique<\/strong>, des textes comme  <strong>I Have a Dream<\/strong> ?, l\u2019Appel du 18 juin de <strong>Charles de Gaulle<\/strong> ou le discours de <strong>Simone Veil<\/strong> du 26 novembre <strong>1974<\/strong> \u00e0 l\u2019Assembl\u00e9e nationale sur la d\u00e9p\u00e9nalisation de l\u2019<strong>interruption volontaire de grossesse (IVG)<\/strong>. Ces documents servent \u00e0 comprendre le contexte \u2013 droits civiques, Seconde Guerre mondiale, droits des femmes \u2013 mais aussi les <strong>strat\u00e9gies de persuasion<\/strong> et la construction argumentative.<\/p>\n<p>Dans de nombreuses universit\u00e9s, des cours de <strong>rh\u00e9torique<\/strong> et d\u2019<strong>analyse du discours<\/strong> situent le <strong>discours politique<\/strong> au croisement du <strong>discours historique<\/strong> et du <strong>discours journalistique<\/strong>, comme l\u2019ont soulign\u00e9 des travaux en <strong>analyse du discours<\/strong> et en <strong>s\u00e9miotique<\/strong>. Les \u00e9tudiants y apprennent \u00e0 rep\u00e9rer l\u2019<u>ethos<\/u> (image de soi de l\u2019orateur), le <u>pathos<\/u> (affects mobilis\u00e9s) et le <u>logos<\/u> (structure logique des arguments), ce qui renforce leur capacit\u00e9 de lecture critique des d\u00e9bats publics.<\/p>\n<ul>\n<li>Les concours d\u2019\u00e9loquence organis\u00e9s par des institutions comme l\u2019<strong>Universit\u00e9 Paris 1 Panth\u00e9on-Sorbonne<\/strong> ou des \u00e9coles de commerce utilisent souvent des extraits de grands discours comme mat\u00e9riau d\u2019entra\u00eenement.<\/li>\n<li>Des formations de leadership, propos\u00e9es par des organisations comme la <strong>European Leadership Academy<\/strong>, int\u00e8grent des ateliers o\u00f9 les participants r\u00e9\u00e9crivent et rejouent des discours de <strong>Nelson Mandela<\/strong> ou de <strong>Angela Merkel<\/strong>.<\/li>\n<li>Les ONG engag\u00e9es sur les droits humains, telles qu\u2019<strong>Amnesty International<\/strong> ou <strong>Human Rights Watch<\/strong>, utilisent des citations historiques dans leurs campagnes p\u00e9dagogiques pour montrer la continuit\u00e9 des luttes.<\/li>\n<\/ul>\n<p>Nous estimons que cette pr\u00e9sence dans l\u2019\u00e9ducation contribue \u00e0 la vitalit\u00e9 de la culture d\u00e9mocratique. Les jeunes g\u00e9n\u00e9rations se familiarisent avec des mod\u00e8les de prise de parole engag\u00e9e, apprennent \u00e0 identifier les manipulations, mais aussi \u00e0 formuler leurs propres messages sur des enjeux actuels comme le climat, les migrations ou les in\u00e9galit\u00e9s. Les discours historiques deviennent ainsi des <u>r\u00e9f\u00e9rences partag\u00e9es<\/u>, un vocabulaire commun pour penser et contester l\u2019ordre social.<\/p>\n<h2>Conclusion : La puissance intemporelle des discours historiques et leur actualit\u00e9<\/h2>\n<p>Un <strong>discours historique<\/strong> na\u00eet de la rencontre entre un contexte d\u00e9cisif, une vision structur\u00e9e et des mots capables de toucher des millions de personnes bien au-del\u00e0 du moment de leur prononciation. Nous voyons que ces prises de parole ne sont pas de simples commentaires sur l\u2019actualit\u00e9 : elles <u>fa\u00e7onnent l\u2019histoire<\/u> en modifiant les repr\u00e9sentations collectives, en suscitant des engagements, en pr\u00e9parant des r\u00e9formes et en offrant des r\u00e9cits capables de f\u00e9d\u00e9rer ou de r\u00e9sister.<\/p>\n<p>Nous encourageons chacun \u00e0 revisiter des discours fondateurs \u2014 de <strong>Martin Luther King Jr.<\/strong>, <strong>Simone Veil<\/strong>, <strong>Nelson Mandela<\/strong>, <strong>Malala Yousafzai<\/strong>, <strong>Winston Churchill<\/strong> ou <strong>Greta Thunberg<\/strong> \u2014 avec un regard analytique : contexte, choix des mots, structure, donn\u00e9es chiffr\u00e9es utilis\u00e9es. Cette d\u00e9marche permet non seulement de mieux comprendre les grands tournants du XXe et du XXIe si\u00e8cle, mais aussi de nourrir vos propres prises de parole, qu\u2019elles se d\u00e9roulent dans une assembl\u00e9e, une entreprise, une association ou sur une plateforme num\u00e9rique. En travaillant vos discours avec exigence, vous pouvez, \u00e0 votre \u00e9chelle, contribuer \u00e0 cette longue tradition oratoire qui continue de transformer nos soci\u00e9t\u00e9s.<\/p>\n<div style=\"background: #e8f4f8;border: 3px solid #0073aa;padding: 20px;margin: 20px 0;border-radius: 8px\">\n<h2 style=\"color: #0073aa;text-align: center;margin-bottom: 15px\">\ud83d\udd27 Ressources Pratiques et Outils<\/h2>\n<div style=\"background: white;padding: 15px;margin: 10px 0;border-left: 4px solid #28a745\">\n<h3 style=\"color: #28a745;margin-bottom: 10px\">\ud83d\udccd Agences de D\u00e9veloppement Logiciel \u00e0 Paris<\/h3>\n<p>Voici quelques entreprises sp\u00e9cialis\u00e9es dans le d\u00e9veloppement logiciel \u00e0 Paris, offrant des services adapt\u00e9s \u00e0 divers budgets :<\/p>\n<ul>\n<li><strong>Euro Tech Conseil<\/strong> \u2013 D\u00e9veloppement Agile Web, Mobile, IA<br \/>\n        Localisation : Paris, \u00cele-de-France<br \/>\n        Budget minimum projets : \u00e0 partir de <strong>10 000 \u20ac<\/strong><\/li>\n<li><strong>Yield Studio<\/strong> \u2013 Partenaire tech, data &amp; produit<br \/>\n        Localisation : Paris, France<br \/>\n        Budget minimum : \u00e0 partir de <strong>10 000 \u20ac<\/strong><\/li>\n<li><strong>Josh Digital<\/strong> \u2013 Agence tech fran\u00e7aise agr\u00e9\u00e9e CII<br \/>\n        Localisation : Paris, France<br \/>\n        Budget minimum : \u00e0 partir de <strong>10 000 \u20ac<\/strong><\/li>\n<li><strong>ALLOHOUSTON<\/strong> \u2013 Solutions digitales sur\u2011mesure PME \/ ETI<br \/>\n        Localisation : Paris, France<br \/>\n        Budget minimum : \u00e0 partir de <strong>10 000 \u20ac<\/strong><\/li>\n<li><strong>Talfac<\/strong> \u2013 Agence digitale<br \/>\n        Localisation : Paris, France<br \/>\n        Budget minimum : \u00e0 partir de <strong>5 000 \u20ac<\/strong><\/li>\n<li><strong>CELUGA<\/strong> \u2013 Innovative web development<br \/>\n        Localisation : Paris, France<br \/>\n        Budget minimum : \u00e0 partir de <strong>3 000 \u20ac<\/strong><\/li>\n<\/ul>\n<\/div>\n<div style=\"background: white;padding: 15px;margin: 10px 0;border-left: 4px solid #007bff\">\n<h3 style=\"color: #007bff;margin-bottom: 10px\">\ud83d\udee0\ufe0f Outils et Calculateurs<\/h3>\n<p>Pour explorer des solutions de gestion de contacts, voici quelques outils disponibles :<\/p>\n<ul>\n<li><strong>Anaba<\/strong> \u2013 Logiciel fran\u00e7ais de gestion de contacts sp\u00e9cialis\u00e9 (CRM)<br \/>\n        Site : non donn\u00e9 dans l\u2019extrait, accessible via Tool-Advisor.<\/li>\n<li><strong>Folk CRM<\/strong> \u2013 CRM orient\u00e9 relationnel et gestion de contacts<br \/>\n        Site : non donn\u00e9 dans l\u2019extrait.<\/li>\n<\/ul>\n<\/div>\n<div style=\"background: white;padding: 15px;margin: 10px 0;border-left: 4px solid #6f42c1\">\n<h3 style=\"color: #6f42c1;margin-bottom: 10px\">\ud83d\udc65 Communaut\u00e9 et Experts<\/h3>\n<p>Pour des mises en relation avec des experts en d\u00e9veloppement logiciel, consultez les annuaires suivants :<\/p>\n<ul>\n<li><strong>Sortlist<\/strong> \u2013 Section d\u00e9veloppement de logiciel \u00cele\u2011de\u2011France<br \/>\n        Site : <a href=\"https:\/\/sortlist.fr\/s\/developpement-de-logiciel\/ile-de-france-idf-fr\" rel=\"nofollow\">sortlist.fr<\/a><\/li>\n<li><strong>Cercle Editeurs<\/strong> \u2013 Annuaire des solutions et outils SaaS \/ IT<br \/>\n        Site : <a href=\"https:\/\/cercle-editeurs.fr\" rel=\"nofollow\">cercle-editeurs.fr<\/a><\/li>\n<li><strong>Cloudlist<\/strong> \u2013 Annuaire des prestataires IT, \u00e9diteurs de logiciels et ESN<br \/>\n        Site : <a href=\"https:\/\/cloudlist.fr\" rel=\"nofollow\">cloudlist.fr<\/a><\/li>\n<\/ul>\n<\/div>\n<div style=\"background: #fff3cd;padding: 15px;margin: 15px 0;border: 2px solid #ffc107;border-radius: 5px\">\n<strong style=\"color: #856404\">\ud83d\udca1 R\u00e9sum\u00e9 en 2 lignes :<\/strong><br \/>\n<span>D\u00e9couvrez des agences de d\u00e9veloppement logiciel \u00e0 Paris avec des budgets adapt\u00e9s \u00e0 vos projets. Explorez \u00e9galement des outils de gestion de contacts pour optimiser vos relations professionnelles.<\/span>\n<\/div>\n<\/div>\n","protected":false},"excerpt":{"rendered":"","protected":false},"author":1,"featured_media":7710,"comment_status":"open","ping_status":"open","sticky":false,"template":"","format":"standard","meta":{"_acf_changed":false,"manual_indexmenow":false,"indexmenow_id_project":0,"footnotes":""},"categories":[4521],"tags":[4738,4725,4758],"class_list":["post-7708","post","type-post","status-publish","format-standard","has-post-thumbnail","hentry","category-discours-celebres","tag-discours-historiques","tag-histoire-mondiale","tag-rhtorique-politique","generate-columns","tablet-grid-50","mobile-grid-100","grid-parent","grid-25"],"acf":[],"yoast_head":"<!-- This site is optimized with the Yoast SEO Premium plugin v21.3 (Yoast SEO v25.6) - https:\/\/yoast.com\/wordpress\/plugins\/seo\/ -->\n<title>Comment les discours historiques ont fa\u00e7onn\u00e9 le cours de l&#039;histoire<\/title>\n<meta name=\"description\" content=\"\ud83d\udccb En bref \u25b8 Un discours historique est une prise de parole publique qui impacte durablement les \u00e9v\u00e9nements et les mentalit\u00e9s. Des figures comme Lincoln,\" \/>\n<meta name=\"robots\" content=\"index, follow, max-snippet:-1, max-image-preview:large, max-video-preview:-1\" \/>\n<link rel=\"canonical\" href=\"https:\/\/kodesmots.fr\/blog\/discours-celebres\/comment-les-discours-historiques-ont-faconne-le-cours-de-lhistoire\/\" \/>\n<meta property=\"og:locale\" content=\"fr_FR\" \/>\n<meta property=\"og:type\" content=\"article\" \/>\n<meta property=\"og:title\" content=\"Comment les discours historiques ont fa\u00e7onn\u00e9 le cours de l&#039;histoire\" \/>\n<meta property=\"og:description\" content=\"\ud83d\udccb En bref \u25b8 Un discours historique est une prise de parole publique qui impacte durablement les \u00e9v\u00e9nements et les mentalit\u00e9s. Des figures comme Lincoln,\" \/>\n<meta property=\"og:url\" content=\"https:\/\/kodesmots.fr\/blog\/discours-celebres\/comment-les-discours-historiques-ont-faconne-le-cours-de-lhistoire\/\" \/>\n<meta property=\"og:site_name\" content=\"kodesmots\" \/>\n<meta property=\"og:image\" content=\"https:\/\/kodesmots.fr\/blog\/wp-content\/uploads\/2025\/12\/pag-image-69402cd242596-scaled.png\" \/>\n\t<meta property=\"og:image:width\" content=\"1200\" \/>\n\t<meta property=\"og:image:height\" content=\"686\" \/>\n\t<meta property=\"og:image:type\" content=\"image\/png\" \/>\n<meta name=\"twitter:card\" content=\"summary_large_image\" \/>\n<script type=\"application\/ld+json\" class=\"yoast-schema-graph\">{\"@context\":\"https:\/\/schema.org\",\"@graph\":[{\"@type\":\"NewsArticle\",\"@id\":\"https:\/\/kodesmots.fr\/blog\/discours-celebres\/comment-les-discours-historiques-ont-faconne-le-cours-de-lhistoire\/#article\",\"isPartOf\":{\"@id\":\"https:\/\/kodesmots.fr\/blog\/discours-celebres\/comment-les-discours-historiques-ont-faconne-le-cours-de-lhistoire\/\"},\"author\":{\"name\":\"\",\"@id\":\"\"},\"headline\":\"Comment les discours historiques ont fa\u00e7onn\u00e9 le cours de l&rsquo;histoire\",\"datePublished\":\"2026-02-26T08:26:00+00:00\",\"mainEntityOfPage\":{\"@id\":\"https:\/\/kodesmots.fr\/blog\/discours-celebres\/comment-les-discours-historiques-ont-faconne-le-cours-de-lhistoire\/\"},\"wordCount\":3433,\"commentCount\":0,\"publisher\":{\"@id\":\"https:\/\/kodesmots.fr\/blog\/#organization\"},\"image\":{\"@id\":\"https:\/\/kodesmots.fr\/blog\/discours-celebres\/comment-les-discours-historiques-ont-faconne-le-cours-de-lhistoire\/#primaryimage\"},\"thumbnailUrl\":\"https:\/\/kodesmots.fr\/blog\/wp-content\/uploads\/2025\/12\/pag-image-69402cd242596-scaled.png\",\"keywords\":[\"discours historiques\",\"histoire mondiale\",\"rhtorique politique\"],\"articleSection\":[\"Discours C\u00e9l\u00e8bres\"],\"inLanguage\":\"fr-FR\",\"potentialAction\":[{\"@type\":\"CommentAction\",\"name\":\"Comment\",\"target\":[\"https:\/\/kodesmots.fr\/blog\/discours-celebres\/comment-les-discours-historiques-ont-faconne-le-cours-de-lhistoire\/#respond\"]}]},{\"@type\":\"WebPage\",\"@id\":\"https:\/\/kodesmots.fr\/blog\/discours-celebres\/comment-les-discours-historiques-ont-faconne-le-cours-de-lhistoire\/\",\"url\":\"https:\/\/kodesmots.fr\/blog\/discours-celebres\/comment-les-discours-historiques-ont-faconne-le-cours-de-lhistoire\/\",\"name\":\"Comment les discours historiques ont fa\u00e7onn\u00e9 le cours de l'histoire\",\"isPartOf\":{\"@id\":\"https:\/\/kodesmots.fr\/blog\/#website\"},\"primaryImageOfPage\":{\"@id\":\"https:\/\/kodesmots.fr\/blog\/discours-celebres\/comment-les-discours-historiques-ont-faconne-le-cours-de-lhistoire\/#primaryimage\"},\"image\":{\"@id\":\"https:\/\/kodesmots.fr\/blog\/discours-celebres\/comment-les-discours-historiques-ont-faconne-le-cours-de-lhistoire\/#primaryimage\"},\"thumbnailUrl\":\"https:\/\/kodesmots.fr\/blog\/wp-content\/uploads\/2025\/12\/pag-image-69402cd242596-scaled.png\",\"datePublished\":\"2026-02-26T08:26:00+00:00\",\"description\":\"\ud83d\udccb En bref \u25b8 Un discours historique est une prise de parole publique qui impacte durablement les \u00e9v\u00e9nements et les mentalit\u00e9s. Des figures comme Lincoln,\",\"inLanguage\":\"fr-FR\",\"potentialAction\":[{\"@type\":\"ReadAction\",\"target\":[\"https:\/\/kodesmots.fr\/blog\/discours-celebres\/comment-les-discours-historiques-ont-faconne-le-cours-de-lhistoire\/\"]}]},{\"@type\":\"ImageObject\",\"inLanguage\":\"fr-FR\",\"@id\":\"https:\/\/kodesmots.fr\/blog\/discours-celebres\/comment-les-discours-historiques-ont-faconne-le-cours-de-lhistoire\/#primaryimage\",\"url\":\"https:\/\/kodesmots.fr\/blog\/wp-content\/uploads\/2025\/12\/pag-image-69402cd242596-scaled.png\",\"contentUrl\":\"https:\/\/kodesmots.fr\/blog\/wp-content\/uploads\/2025\/12\/pag-image-69402cd242596-scaled.png\",\"width\":1200,\"height\":686,\"caption\":\"Image g\u00e9n\u00e9r\u00e9e par IA optimis\u00e9e pour Google Discover\"},{\"@type\":\"WebSite\",\"@id\":\"https:\/\/kodesmots.fr\/blog\/#website\",\"url\":\"https:\/\/kodesmots.fr\/blog\/\",\"name\":\"kodesmots.fr\",\"description\":\"Kodesmots, d\u00e9codez le pouvoir des mots\",\"publisher\":{\"@id\":\"https:\/\/kodesmots.fr\/blog\/#organization\"},\"alternateName\":\"Kodesmots, d\u00e9codez le pouvoir des mots\",\"potentialAction\":[{\"@type\":\"SearchAction\",\"target\":{\"@type\":\"EntryPoint\",\"urlTemplate\":\"https:\/\/kodesmots.fr\/blog\/?s={search_term_string}\"},\"query-input\":{\"@type\":\"PropertyValueSpecification\",\"valueRequired\":true,\"valueName\":\"search_term_string\"}}],\"inLanguage\":\"fr-FR\"},{\"@type\":\"Organization\",\"@id\":\"https:\/\/kodesmots.fr\/blog\/#organization\",\"name\":\"Foretsensations.fr\",\"url\":\"https:\/\/kodesmots.fr\/blog\/\",\"logo\":{\"@type\":\"ImageObject\",\"inLanguage\":\"fr-FR\",\"@id\":\"https:\/\/kodesmots.fr\/blog\/#\/schema\/logo\/image\/\",\"url\":\"https:\/\/kodesmots.fr\/blog\/wp-content\/uploads\/2024\/12\/koDesMots.png\",\"contentUrl\":\"https:\/\/kodesmots.fr\/blog\/wp-content\/uploads\/2024\/12\/koDesMots.png\",\"width\":500,\"height\":500,\"caption\":\"Foretsensations.fr\"},\"image\":{\"@id\":\"https:\/\/kodesmots.fr\/blog\/#\/schema\/logo\/image\/\"}},{\"@type\":\"Person\",\"@id\":\"\",\"url\":\"https:\/\/kodesmots.fr\/blog\/auteur\/\"}]}<\/script>\n<!-- \/ Yoast SEO Premium plugin. -->","yoast_head_json":{"title":"Comment les discours historiques ont fa\u00e7onn\u00e9 le cours de l'histoire","description":"\ud83d\udccb En bref \u25b8 Un discours historique est une prise de parole publique qui impacte durablement les \u00e9v\u00e9nements et les mentalit\u00e9s. Des figures comme Lincoln,","robots":{"index":"index","follow":"follow","max-snippet":"max-snippet:-1","max-image-preview":"max-image-preview:large","max-video-preview":"max-video-preview:-1"},"canonical":"https:\/\/kodesmots.fr\/blog\/discours-celebres\/comment-les-discours-historiques-ont-faconne-le-cours-de-lhistoire\/","og_locale":"fr_FR","og_type":"article","og_title":"Comment les discours historiques ont fa\u00e7onn\u00e9 le cours de l'histoire","og_description":"\ud83d\udccb En bref \u25b8 Un discours historique est une prise de parole publique qui impacte durablement les \u00e9v\u00e9nements et les mentalit\u00e9s. Des figures comme Lincoln,","og_url":"https:\/\/kodesmots.fr\/blog\/discours-celebres\/comment-les-discours-historiques-ont-faconne-le-cours-de-lhistoire\/","og_site_name":"kodesmots","og_image":[{"width":1200,"height":686,"url":"https:\/\/kodesmots.fr\/blog\/wp-content\/uploads\/2025\/12\/pag-image-69402cd242596-scaled.png","type":"image\/png"}],"twitter_card":"summary_large_image","schema":{"@context":"https:\/\/schema.org","@graph":[{"@type":"NewsArticle","@id":"https:\/\/kodesmots.fr\/blog\/discours-celebres\/comment-les-discours-historiques-ont-faconne-le-cours-de-lhistoire\/#article","isPartOf":{"@id":"https:\/\/kodesmots.fr\/blog\/discours-celebres\/comment-les-discours-historiques-ont-faconne-le-cours-de-lhistoire\/"},"author":{"name":"","@id":""},"headline":"Comment les discours historiques ont fa\u00e7onn\u00e9 le cours de l&rsquo;histoire","datePublished":"2026-02-26T08:26:00+00:00","mainEntityOfPage":{"@id":"https:\/\/kodesmots.fr\/blog\/discours-celebres\/comment-les-discours-historiques-ont-faconne-le-cours-de-lhistoire\/"},"wordCount":3433,"commentCount":0,"publisher":{"@id":"https:\/\/kodesmots.fr\/blog\/#organization"},"image":{"@id":"https:\/\/kodesmots.fr\/blog\/discours-celebres\/comment-les-discours-historiques-ont-faconne-le-cours-de-lhistoire\/#primaryimage"},"thumbnailUrl":"https:\/\/kodesmots.fr\/blog\/wp-content\/uploads\/2025\/12\/pag-image-69402cd242596-scaled.png","keywords":["discours historiques","histoire mondiale","rhtorique politique"],"articleSection":["Discours C\u00e9l\u00e8bres"],"inLanguage":"fr-FR","potentialAction":[{"@type":"CommentAction","name":"Comment","target":["https:\/\/kodesmots.fr\/blog\/discours-celebres\/comment-les-discours-historiques-ont-faconne-le-cours-de-lhistoire\/#respond"]}]},{"@type":"WebPage","@id":"https:\/\/kodesmots.fr\/blog\/discours-celebres\/comment-les-discours-historiques-ont-faconne-le-cours-de-lhistoire\/","url":"https:\/\/kodesmots.fr\/blog\/discours-celebres\/comment-les-discours-historiques-ont-faconne-le-cours-de-lhistoire\/","name":"Comment les discours historiques ont fa\u00e7onn\u00e9 le cours de l'histoire","isPartOf":{"@id":"https:\/\/kodesmots.fr\/blog\/#website"},"primaryImageOfPage":{"@id":"https:\/\/kodesmots.fr\/blog\/discours-celebres\/comment-les-discours-historiques-ont-faconne-le-cours-de-lhistoire\/#primaryimage"},"image":{"@id":"https:\/\/kodesmots.fr\/blog\/discours-celebres\/comment-les-discours-historiques-ont-faconne-le-cours-de-lhistoire\/#primaryimage"},"thumbnailUrl":"https:\/\/kodesmots.fr\/blog\/wp-content\/uploads\/2025\/12\/pag-image-69402cd242596-scaled.png","datePublished":"2026-02-26T08:26:00+00:00","description":"\ud83d\udccb En bref \u25b8 Un discours historique est une prise de parole publique qui impacte durablement les \u00e9v\u00e9nements et les mentalit\u00e9s. Des figures comme Lincoln,","inLanguage":"fr-FR","potentialAction":[{"@type":"ReadAction","target":["https:\/\/kodesmots.fr\/blog\/discours-celebres\/comment-les-discours-historiques-ont-faconne-le-cours-de-lhistoire\/"]}]},{"@type":"ImageObject","inLanguage":"fr-FR","@id":"https:\/\/kodesmots.fr\/blog\/discours-celebres\/comment-les-discours-historiques-ont-faconne-le-cours-de-lhistoire\/#primaryimage","url":"https:\/\/kodesmots.fr\/blog\/wp-content\/uploads\/2025\/12\/pag-image-69402cd242596-scaled.png","contentUrl":"https:\/\/kodesmots.fr\/blog\/wp-content\/uploads\/2025\/12\/pag-image-69402cd242596-scaled.png","width":1200,"height":686,"caption":"Image g\u00e9n\u00e9r\u00e9e par IA optimis\u00e9e pour Google Discover"},{"@type":"WebSite","@id":"https:\/\/kodesmots.fr\/blog\/#website","url":"https:\/\/kodesmots.fr\/blog\/","name":"kodesmots.fr","description":"Kodesmots, d\u00e9codez le pouvoir des mots","publisher":{"@id":"https:\/\/kodesmots.fr\/blog\/#organization"},"alternateName":"Kodesmots, d\u00e9codez le pouvoir des mots","potentialAction":[{"@type":"SearchAction","target":{"@type":"EntryPoint","urlTemplate":"https:\/\/kodesmots.fr\/blog\/?s={search_term_string}"},"query-input":{"@type":"PropertyValueSpecification","valueRequired":true,"valueName":"search_term_string"}}],"inLanguage":"fr-FR"},{"@type":"Organization","@id":"https:\/\/kodesmots.fr\/blog\/#organization","name":"Foretsensations.fr","url":"https:\/\/kodesmots.fr\/blog\/","logo":{"@type":"ImageObject","inLanguage":"fr-FR","@id":"https:\/\/kodesmots.fr\/blog\/#\/schema\/logo\/image\/","url":"https:\/\/kodesmots.fr\/blog\/wp-content\/uploads\/2024\/12\/koDesMots.png","contentUrl":"https:\/\/kodesmots.fr\/blog\/wp-content\/uploads\/2024\/12\/koDesMots.png","width":500,"height":500,"caption":"Foretsensations.fr"},"image":{"@id":"https:\/\/kodesmots.fr\/blog\/#\/schema\/logo\/image\/"}},{"@type":"Person","@id":"","url":"https:\/\/kodesmots.fr\/blog\/auteur\/"}]}},"_links":{"self":[{"href":"https:\/\/kodesmots.fr\/blog\/wp-json\/wp\/v2\/posts\/7708","targetHints":{"allow":["GET"]}}],"collection":[{"href":"https:\/\/kodesmots.fr\/blog\/wp-json\/wp\/v2\/posts"}],"about":[{"href":"https:\/\/kodesmots.fr\/blog\/wp-json\/wp\/v2\/types\/post"}],"author":[{"embeddable":true,"href":"https:\/\/kodesmots.fr\/blog\/wp-json\/wp\/v2\/users\/1"}],"replies":[{"embeddable":true,"href":"https:\/\/kodesmots.fr\/blog\/wp-json\/wp\/v2\/comments?post=7708"}],"version-history":[{"count":1,"href":"https:\/\/kodesmots.fr\/blog\/wp-json\/wp\/v2\/posts\/7708\/revisions"}],"predecessor-version":[{"id":7739,"href":"https:\/\/kodesmots.fr\/blog\/wp-json\/wp\/v2\/posts\/7708\/revisions\/7739"}],"wp:featuredmedia":[{"embeddable":true,"href":"https:\/\/kodesmots.fr\/blog\/wp-json\/wp\/v2\/media\/7710"}],"wp:attachment":[{"href":"https:\/\/kodesmots.fr\/blog\/wp-json\/wp\/v2\/media?parent=7708"}],"wp:term":[{"taxonomy":"category","embeddable":true,"href":"https:\/\/kodesmots.fr\/blog\/wp-json\/wp\/v2\/categories?post=7708"},{"taxonomy":"post_tag","embeddable":true,"href":"https:\/\/kodesmots.fr\/blog\/wp-json\/wp\/v2\/tags?post=7708"}],"curies":[{"name":"wp","href":"https:\/\/api.w.org\/{rel}","templated":true}]}}