{"id":7742,"date":"2025-10-26T09:00:00","date_gmt":"2025-10-26T09:00:00","guid":{"rendered":"https:\/\/kodesmots.fr\/blog\/articles\/formation-management-comundi\/"},"modified":"2025-10-26T09:00:00","modified_gmt":"2025-10-26T09:00:00","slug":"formation-management-comundi","status":"publish","type":"post","link":"https:\/\/kodesmots.fr\/blog\/articles\/formation-management-comundi\/","title":{"rendered":"Formation Management Comundi : Prix 2026"},"content":{"rendered":"<p>La formation en management propos\u00e9e par Comundi est con\u00e7ue pour r\u00e9pondre aux besoins des professionnels cherchant \u00e0 d\u00e9velopper leurs comp\u00e9tences manag\u00e9riales. En 2026, cette formation se distingue par son approche pratique et ses tarifs adapt\u00e9s au march\u00e9. Les participants peuvent s\u2019attendre \u00e0 acqu\u00e9rir des outils concrets pour am\u00e9liorer leur leadership et leur efficacit\u00e9 au sein de leur \u00e9quipe.<\/p>\n<p>Les prix de la formation management Comundi varient en fonction des modules choisis et de la dur\u00e9e du programme. En moyenne, le co\u00fbt d\u2019une formation compl\u00e8te s\u2019\u00e9l\u00e8ve \u00e0 environ 2 500 euros, mais plusieurs options sont disponibles pour r\u00e9pondre aux diff\u00e9rents budgets et besoins.<\/p>\n<h2>Aper\u00e7u des Formations Comundi<\/h2>\n<p>Comundi propose plusieurs types de formations en management, incluant :<\/p>\n<ul>\n<li><strong>Management de projet<\/strong><\/li>\n<li><strong>Leadership et communication<\/strong><\/li>\n<li><strong>Gestion des conflits<\/strong><\/li>\n<li><strong>Coaching d\u2019\u00e9quipe<\/strong><\/li>\n<\/ul>\n<p>Chacune de ces formations se d\u00e9cline en plusieurs niveaux, allant du d\u00e9butant \u00e0 l\u2019expert. Cela permet aux participants d\u2019adapter leur apprentissage \u00e0 leur exp\u00e9rience pr\u00e9alable.<\/p>\n<h3>Structure des Formations<\/h3>\n<p>Les formations sont g\u00e9n\u00e9ralement structur\u00e9es autour de modules pratiques. Voici un exemple typique :<\/p>\n<table class=\"kwdbank-table\">\n<thead>\n<tr>\n<th>Module<\/th>\n<th>Dur\u00e9e<\/th>\n<th>Co\u00fbt<\/th>\n<\/tr>\n<\/thead>\n<tbody>\n<tr>\n<td>Introduction au management<\/td>\n<td>2 jours<\/td>\n<td>600 euros<\/td>\n<\/tr>\n<tr>\n<td>Leadership efficace<\/td>\n<td>3 jours<\/td>\n<td>900 euros<\/td>\n<\/tr>\n<tr>\n<td>Gestion des conflits<\/td>\n<td>1 jour<\/td>\n<td>400 euros<\/td>\n<\/tr>\n<tr>\n<td>Coaching d\u2019\u00e9quipe<\/td>\n<td>4 jours<\/td>\n<td>1 200 euros<\/td>\n<\/tr>\n<\/tbody>\n<\/table>\n<p>Les tarifs incluent souvent le mat\u00e9riel p\u00e9dagogique et l\u2019acc\u00e8s \u00e0 une plateforme d\u2019apprentissage en ligne.<\/p>\n<h2>Exemples Concrets de Tarification<\/h2>\n<ol>\n<li>\n<strong>Formation Compl\u00e8te<\/strong> : Un participant optant pour le parcours complet (10 jours) peut d\u00e9bourser environ 3 000 euros, incluant toutes les sessions mentionn\u00e9es ci-dessus.\n<\/li>\n<li>\n<strong>Financement<\/strong> : Certaines entreprises financent enti\u00e8rement ou partiellement ces formations dans le cadre du d\u00e9veloppement professionnel continu. Par exemple, une PME peut obtenir jusqu\u2019\u00e0 50 % de remboursement via les dispositifs de financement tels que le CPF (Compte Personnel de Formation).\n<\/li>\n<\/ol>\n<h2>Pi\u00e8ges \u00e0 \u00c9viter<\/h2>\n<p>Un pi\u00e8ge courant lors de l\u2019inscription \u00e0 une formation est de ne pas v\u00e9rifier si celle-ci est \u00e9ligible au financement public ou aux aides propos\u00e9es par l\u2019\u00c9tat. Avant de vous engager, il est crucial de consulter les conditions d\u2019\u00e9ligibilit\u00e9 afin d\u2019optimiser votre budget.<\/p>\n<h2>Comment S\u2019inscrire ?<\/h2>\n<p>Pour s\u2019inscrire \u00e0 une formation Comundi, suivez ces \u00e9tapes :<\/p>\n<ol>\n<li><strong>Visitez le site Web<\/strong> : Acc\u00e9dez \u00e0 la page d\u00e9di\u00e9e aux formations management.<\/li>\n<li><strong>Choisissez votre module<\/strong> : S\u00e9lectionnez celui qui correspond le mieux \u00e0 vos besoins.<\/li>\n<li><strong>Remplissez le formulaire<\/strong> : Indiquez vos informations personnelles et professionnelles.<\/li>\n<li><strong>Confirmez votre inscription<\/strong> : Un conseiller vous contactera pour finaliser votre inscription et discuter des modalit\u00e9s de paiement.<\/li>\n<\/ol>\n<h2>Retours d\u2019Exp\u00e9rience<\/h2>\n<p>De nombreux anciens participants soulignent l\u2019impact positif des formations Comundi sur leur carri\u00e8re. Par exemple, un manager ayant suivi la formation \u201cLeadership efficace\u201d a rapport\u00e9 une augmentation de son \u00e9quipe\u2019s performance de 30 % dans les six mois suivant la formation.<\/p>\n<h2>FAQ<\/h2>\n<h3>Quelle est la dur\u00e9e des formations Comundi en management ?<\/h3>\n<p>La dur\u00e9e varie entre un jour et plusieurs semaines selon le module choisi.<\/p>\n<h3>Est-il possible d\u2019obtenir un financement pour ces formations ?<\/h3>\n<p>Oui, plusieurs dispositifs comme le CPF peuvent couvrir tout ou partie des frais.<\/p>\n<h3>Les formations sont-elles certifiantes ?<\/h3>\n<p>Oui, certaines formations offrent une certification reconnue dans le domaine du management.<\/p>\n<h3>Comment se d\u00e9roule une session de formation ?<\/h3>\n<p>Les sessions combinent th\u00e9orie et pratique avec des \u00e9tudes de cas r\u00e9els.<\/p>\n<h3>Y a-t-il des pr\u00e9requis pour s\u2019inscrire ?<\/h3>\n<p>Aucun pr\u00e9requis n\u2019est n\u00e9cessaire pour les niveaux d\u00e9butants ; cependant, certains modules avanc\u00e9s peuvent n\u00e9cessiter une exp\u00e9rience pr\u00e9alable.<\/p>\n<h3>Peut-on suivre ces formations \u00e0 distance ?<\/h3>\n<p>Oui, Comundi propose \u00e9galement des formats en ligne pour s\u2019adapter aux contraintes des participants.<\/p>\n<p>Pour plus d\u2019informations sur les tarifs sp\u00e9cifiques et les disponibilit\u00e9s en 2026, n\u2019h\u00e9sitez pas \u00e0 consulter directement le site de Comundi ou \u00e0 contacter un conseiller sp\u00e9cialis\u00e9.<\/p>\n","protected":false},"excerpt":{"rendered":"","protected":false},"author":0,"featured_media":0,"comment_status":"open","ping_status":"open","sticky":false,"template":"","format":"standard","meta":{"_acf_changed":false,"manual_indexmenow":false,"indexmenow_id_project":0,"footnotes":""},"categories":[4759],"tags":[],"class_list":["post-7742","post","type-post","status-publish","format-standard","hentry","category-articles","generate-columns","tablet-grid-50","mobile-grid-100","grid-parent","grid-25"],"acf":[],"yoast_head":"<!-- This site is optimized with the Yoast SEO Premium plugin v21.3 (Yoast SEO v25.6) - https:\/\/yoast.com\/wordpress\/plugins\/seo\/ -->\n<title>Formation Management Comundi : Prix 2026<\/title>\n<meta name=\"description\" content=\"La formation en management propos\u00e9e par Comundi est con\u00e7ue pour r\u00e9pondre aux besoins des professionnels cherchant \u00e0 d\u00e9velopper leurs comp\u00e9tences\u2026\" \/>\n<meta name=\"robots\" content=\"index, follow, max-snippet:-1, max-image-preview:large, max-video-preview:-1\" \/>\n<link rel=\"canonical\" href=\"https:\/\/kodesmots.fr\/blog\/articles\/formation-management-comundi\/\" \/>\n<meta property=\"og:locale\" content=\"fr_FR\" \/>\n<meta property=\"og:type\" content=\"article\" \/>\n<meta property=\"og:title\" content=\"Formation Management Comundi : Prix 2026\" \/>\n<meta property=\"og:description\" content=\"La formation en management propos\u00e9e par Comundi est con\u00e7ue pour r\u00e9pondre aux besoins des professionnels cherchant \u00e0 d\u00e9velopper leurs comp\u00e9tences\u2026\" \/>\n<meta property=\"og:url\" content=\"https:\/\/kodesmots.fr\/blog\/articles\/formation-management-comundi\/\" \/>\n<meta property=\"og:site_name\" content=\"kodesmots\" \/>\n<meta name=\"twitter:card\" content=\"summary_large_image\" \/>\n<script type=\"application\/ld+json\" class=\"yoast-schema-graph\">{\"@context\":\"https:\/\/schema.org\",\"@graph\":[{\"@type\":\"NewsArticle\",\"@id\":\"https:\/\/kodesmots.fr\/blog\/articles\/formation-management-comundi\/#article\",\"isPartOf\":{\"@id\":\"https:\/\/kodesmots.fr\/blog\/articles\/formation-management-comundi\/\"},\"author\":{\"name\":\"\",\"@id\":\"\"},\"headline\":\"Formation Management Comundi : Prix 2026\",\"datePublished\":\"2025-10-26T09:00:00+00:00\",\"mainEntityOfPage\":{\"@id\":\"https:\/\/kodesmots.fr\/blog\/articles\/formation-management-comundi\/\"},\"wordCount\":633,\"commentCount\":0,\"publisher\":{\"@id\":\"https:\/\/kodesmots.fr\/blog\/#organization\"},\"articleSection\":[\"Articles\"],\"inLanguage\":\"fr-FR\",\"potentialAction\":[{\"@type\":\"CommentAction\",\"name\":\"Comment\",\"target\":[\"https:\/\/kodesmots.fr\/blog\/articles\/formation-management-comundi\/#respond\"]}]},{\"@type\":\"WebPage\",\"@id\":\"https:\/\/kodesmots.fr\/blog\/articles\/formation-management-comundi\/\",\"url\":\"https:\/\/kodesmots.fr\/blog\/articles\/formation-management-comundi\/\",\"name\":\"Formation Management Comundi : Prix 2026\",\"isPartOf\":{\"@id\":\"https:\/\/kodesmots.fr\/blog\/#website\"},\"datePublished\":\"2025-10-26T09:00:00+00:00\",\"description\":\"La formation en management propos\u00e9e par Comundi est con\u00e7ue pour r\u00e9pondre aux besoins des professionnels cherchant \u00e0 d\u00e9velopper leurs comp\u00e9tences\u2026\",\"inLanguage\":\"fr-FR\",\"potentialAction\":[{\"@type\":\"ReadAction\",\"target\":[\"https:\/\/kodesmots.fr\/blog\/articles\/formation-management-comundi\/\"]}]},{\"@type\":\"WebSite\",\"@id\":\"https:\/\/kodesmots.fr\/blog\/#website\",\"url\":\"https:\/\/kodesmots.fr\/blog\/\",\"name\":\"kodesmots.fr\",\"description\":\"Kodesmots, d\u00e9codez le pouvoir des mots\",\"publisher\":{\"@id\":\"https:\/\/kodesmots.fr\/blog\/#organization\"},\"alternateName\":\"Kodesmots, d\u00e9codez le pouvoir des mots\",\"potentialAction\":[{\"@type\":\"SearchAction\",\"target\":{\"@type\":\"EntryPoint\",\"urlTemplate\":\"https:\/\/kodesmots.fr\/blog\/?s={search_term_string}\"},\"query-input\":{\"@type\":\"PropertyValueSpecification\",\"valueRequired\":true,\"valueName\":\"search_term_string\"}}],\"inLanguage\":\"fr-FR\"},{\"@type\":\"Organization\",\"@id\":\"https:\/\/kodesmots.fr\/blog\/#organization\",\"name\":\"Foretsensations.fr\",\"url\":\"https:\/\/kodesmots.fr\/blog\/\",\"logo\":{\"@type\":\"ImageObject\",\"inLanguage\":\"fr-FR\",\"@id\":\"https:\/\/kodesmots.fr\/blog\/#\/schema\/logo\/image\/\",\"url\":\"https:\/\/kodesmots.fr\/blog\/wp-content\/uploads\/2024\/12\/koDesMots.png\",\"contentUrl\":\"https:\/\/kodesmots.fr\/blog\/wp-content\/uploads\/2024\/12\/koDesMots.png\",\"width\":500,\"height\":500,\"caption\":\"Foretsensations.fr\"},\"image\":{\"@id\":\"https:\/\/kodesmots.fr\/blog\/#\/schema\/logo\/image\/\"}}]}<\/script>\n<!-- \/ Yoast SEO Premium plugin. -->","yoast_head_json":{"title":"Formation Management Comundi : Prix 2026","description":"La formation en management propos\u00e9e par Comundi est con\u00e7ue pour r\u00e9pondre aux besoins des professionnels cherchant \u00e0 d\u00e9velopper leurs comp\u00e9tences\u2026","robots":{"index":"index","follow":"follow","max-snippet":"max-snippet:-1","max-image-preview":"max-image-preview:large","max-video-preview":"max-video-preview:-1"},"canonical":"https:\/\/kodesmots.fr\/blog\/articles\/formation-management-comundi\/","og_locale":"fr_FR","og_type":"article","og_title":"Formation Management Comundi : Prix 2026","og_description":"La formation en management propos\u00e9e par Comundi est con\u00e7ue pour r\u00e9pondre aux besoins des professionnels cherchant \u00e0 d\u00e9velopper leurs comp\u00e9tences\u2026","og_url":"https:\/\/kodesmots.fr\/blog\/articles\/formation-management-comundi\/","og_site_name":"kodesmots","twitter_card":"summary_large_image","schema":{"@context":"https:\/\/schema.org","@graph":[{"@type":"NewsArticle","@id":"https:\/\/kodesmots.fr\/blog\/articles\/formation-management-comundi\/#article","isPartOf":{"@id":"https:\/\/kodesmots.fr\/blog\/articles\/formation-management-comundi\/"},"author":{"name":"","@id":""},"headline":"Formation Management Comundi : Prix 2026","datePublished":"2025-10-26T09:00:00+00:00","mainEntityOfPage":{"@id":"https:\/\/kodesmots.fr\/blog\/articles\/formation-management-comundi\/"},"wordCount":633,"commentCount":0,"publisher":{"@id":"https:\/\/kodesmots.fr\/blog\/#organization"},"articleSection":["Articles"],"inLanguage":"fr-FR","potentialAction":[{"@type":"CommentAction","name":"Comment","target":["https:\/\/kodesmots.fr\/blog\/articles\/formation-management-comundi\/#respond"]}]},{"@type":"WebPage","@id":"https:\/\/kodesmots.fr\/blog\/articles\/formation-management-comundi\/","url":"https:\/\/kodesmots.fr\/blog\/articles\/formation-management-comundi\/","name":"Formation Management Comundi : Prix 2026","isPartOf":{"@id":"https:\/\/kodesmots.fr\/blog\/#website"},"datePublished":"2025-10-26T09:00:00+00:00","description":"La formation en management propos\u00e9e par Comundi est con\u00e7ue pour r\u00e9pondre aux besoins des professionnels cherchant \u00e0 d\u00e9velopper leurs comp\u00e9tences\u2026","inLanguage":"fr-FR","potentialAction":[{"@type":"ReadAction","target":["https:\/\/kodesmots.fr\/blog\/articles\/formation-management-comundi\/"]}]},{"@type":"WebSite","@id":"https:\/\/kodesmots.fr\/blog\/#website","url":"https:\/\/kodesmots.fr\/blog\/","name":"kodesmots.fr","description":"Kodesmots, d\u00e9codez le pouvoir des mots","publisher":{"@id":"https:\/\/kodesmots.fr\/blog\/#organization"},"alternateName":"Kodesmots, d\u00e9codez le pouvoir des mots","potentialAction":[{"@type":"SearchAction","target":{"@type":"EntryPoint","urlTemplate":"https:\/\/kodesmots.fr\/blog\/?s={search_term_string}"},"query-input":{"@type":"PropertyValueSpecification","valueRequired":true,"valueName":"search_term_string"}}],"inLanguage":"fr-FR"},{"@type":"Organization","@id":"https:\/\/kodesmots.fr\/blog\/#organization","name":"Foretsensations.fr","url":"https:\/\/kodesmots.fr\/blog\/","logo":{"@type":"ImageObject","inLanguage":"fr-FR","@id":"https:\/\/kodesmots.fr\/blog\/#\/schema\/logo\/image\/","url":"https:\/\/kodesmots.fr\/blog\/wp-content\/uploads\/2024\/12\/koDesMots.png","contentUrl":"https:\/\/kodesmots.fr\/blog\/wp-content\/uploads\/2024\/12\/koDesMots.png","width":500,"height":500,"caption":"Foretsensations.fr"},"image":{"@id":"https:\/\/kodesmots.fr\/blog\/#\/schema\/logo\/image\/"}}]}},"_links":{"self":[{"href":"https:\/\/kodesmots.fr\/blog\/wp-json\/wp\/v2\/posts\/7742","targetHints":{"allow":["GET"]}}],"collection":[{"href":"https:\/\/kodesmots.fr\/blog\/wp-json\/wp\/v2\/posts"}],"about":[{"href":"https:\/\/kodesmots.fr\/blog\/wp-json\/wp\/v2\/types\/post"}],"replies":[{"embeddable":true,"href":"https:\/\/kodesmots.fr\/blog\/wp-json\/wp\/v2\/comments?post=7742"}],"version-history":[{"count":0,"href":"https:\/\/kodesmots.fr\/blog\/wp-json\/wp\/v2\/posts\/7742\/revisions"}],"wp:attachment":[{"href":"https:\/\/kodesmots.fr\/blog\/wp-json\/wp\/v2\/media?parent=7742"}],"wp:term":[{"taxonomy":"category","embeddable":true,"href":"https:\/\/kodesmots.fr\/blog\/wp-json\/wp\/v2\/categories?post=7742"},{"taxonomy":"post_tag","embeddable":true,"href":"https:\/\/kodesmots.fr\/blog\/wp-json\/wp\/v2\/tags?post=7742"}],"curies":[{"name":"wp","href":"https:\/\/api.w.org\/{rel}","templated":true}]}}