{"id":7757,"date":"2026-05-01T09:00:00","date_gmt":"2026-05-01T09:00:00","guid":{"rendered":"https:\/\/kodesmots.fr\/blog\/?p=7757"},"modified":"2026-05-01T09:00:00","modified_gmt":"2026-05-01T09:00:00","slug":"greta-lille","status":"publish","type":"post","link":"https:\/\/kodesmots.fr\/blog\/articles\/greta-lille\/","title":{"rendered":"GRETA Lille : Formation Pro &#8211; Guide Complet 2026"},"content":{"rendered":"<p>Le GRETA Lille est un acteur cl\u00e9 de la formation professionnelle continue dans la r\u00e9gion Hauts-de-France. En 2026, il propose une vaste gamme de formations adapt\u00e9es aux besoins des entreprises et des particuliers. Que vous souhaitiez acqu\u00e9rir de nouvelles comp\u00e9tences, changer de carri\u00e8re ou vous perfectionner dans votre domaine, le GRETA Lille offre des programmes vari\u00e9s pour r\u00e9pondre \u00e0 ces objectifs.<\/p>\n<p>Cet article d\u00e9taille les diff\u00e9rentes formations propos\u00e9es, les modalit\u00e9s d\u2019inscription, ainsi que les avantages sp\u00e9cifiques d\u2019une formation au GRETA Lille. Vous d\u00e9couvrirez \u00e9galement des exemples concrets et des conseils pratiques pour maximiser votre exp\u00e9rience.<\/p>\n<h2>Qu\u2019est-ce que le GRETA Lille ?<\/h2>\n<p>Le GRETA (Groupement d\u2019\u00c9tablissements) est un r\u00e9seau d\u2019organismes de formation qui offre des solutions adapt\u00e9es aux besoins de formation des adultes. \u00c0 Lille, le GRETA fait partie de l\u2019\u00c9ducation nationale et propose des formations certifiantes dans divers secteurs tels que :<\/p>\n<ul>\n<li><strong>Industrie<\/strong><\/li>\n<li><strong>B\u00e2timent<\/strong><\/li>\n<li><strong>Sant\u00e9<\/strong><\/li>\n<li><strong>Informatique<\/strong><\/li>\n<li><strong>Services \u00e0 la personne<\/strong><\/li>\n<\/ul>\n<h3>Missions et valeurs du GRETA<\/h3>\n<p>Le GRETA Lille se fixe pour mission de favoriser l\u2019acc\u00e8s \u00e0 la formation pour tous. Ses valeurs reposent sur l\u2019\u00e9galit\u00e9 des chances, l\u2019\u00e9coute et l\u2019accompagnement personnalis\u00e9 des apprenants. En 2026, ces principes sont plus que jamais au c\u0153ur de leur d\u00e9marche.<\/p>\n<h2>Les types de formations propos\u00e9es<\/h2>\n<p>Le GRETA Lille offre plusieurs types de formations :<\/p>\n<h3>Formations qualifiantes<\/h3>\n<p>Ces formations permettent d\u2019obtenir un certificat reconnu par l\u2019\u00c9tat. Par exemple :<\/p>\n<ul>\n<li><strong>CAP \u00c9lectricien<\/strong> : une formation en 12 mois qui permet d\u2019acqu\u00e9rir les comp\u00e9tences n\u00e9cessaires pour travailler dans le secteur \u00e9lectrique.<\/li>\n<li><strong>Titre Professionnel Assistant Administratif<\/strong> : en 8 mois, cette formation pr\u00e9pare aux m\u00e9tiers d\u2019assistant administratif et commercial.<\/li>\n<\/ul>\n<h3>Formations continues<\/h3>\n<p>Pour les professionnels en activit\u00e9 qui souhaitent se perfectionner ou changer de voie, le GRETA propose des modules courts :<\/p>\n<ul>\n<li><strong>Gestion de projet<\/strong> : un module de 5 jours centr\u00e9 sur les outils modernes de gestion.<\/li>\n<li><strong>Langues \u00e9trang\u00e8res<\/strong> : cours d\u2019anglais professionnel adapt\u00e9s aux besoins sp\u00e9cifiques du secteur.<\/li>\n<\/ul>\n<h3>Formations sur mesure<\/h3>\n<p>Ces programmes sont \u00e9labor\u00e9s en fonction des besoins sp\u00e9cifiques d\u2019entreprises ou groupes d\u2019apprenants. Ils peuvent inclure :<\/p>\n<ul>\n<li>Des ateliers pratiques<\/li>\n<li>Des sessions en entreprise<\/li>\n<li>Un suivi personnalis\u00e9<\/li>\n<\/ul>\n<h2>Modalit\u00e9s d\u2019inscription<\/h2>\n<p>S\u2019inscrire \u00e0 une formation au GRETA Lille est un processus simple :<\/p>\n<ol>\n<li><strong>Consultation du catalogue<\/strong> : disponible sur le site officiel du GRETA Lille.<\/li>\n<li><strong>Pr\u00e9inscription en ligne<\/strong> : remplissez un formulaire avec vos informations personnelles et vos motivations.<\/li>\n<li><strong>Entretien individuel<\/strong> : un conseiller vous contactera pour discuter de votre projet professionnel et vous orienter vers la formation la plus adapt\u00e9e.<\/li>\n<li><strong>Inscription d\u00e9finitive<\/strong> : apr\u00e8s validation du choix, vous recevrez toutes les informations n\u00e9cessaires pour d\u00e9buter votre formation.<\/li>\n<\/ol>\n<h3>Co\u00fbts et financement<\/h3>\n<p>Les co\u00fbts varient selon le type de formation choisie. Par exemple :<br \/>\n&#8211; La formation CAP \u00c9lectricien co\u00fbte environ 4 000 \u20ac.<br \/>\n&#8211; Le Titre Professionnel Assistant Administratif est propos\u00e9 \u00e0 environ 3 500 \u20ac.<\/p>\n<p>Des aides financi\u00e8res sont disponibles via P\u00f4le emploi, le CPF (Compte Personnel de Formation) ou encore votre employeur dans le cadre du plan de d\u00e9veloppement des comp\u00e9tences.<\/p>\n<h2>Avantages de se former au GRETA Lille<\/h2>\n<p>Choisir le GRETA Lille pr\u00e9sente plusieurs avantages :<\/p>\n<ul>\n<li><strong>Formateurs exp\u00e9riment\u00e9s<\/strong> : tous les formateurs sont issus du milieu professionnel.<\/li>\n<li><strong>R\u00e9seau professionnel<\/strong> : possibilit\u00e9 de cr\u00e9er des contacts gr\u00e2ce aux partenariats avec diverses entreprises locales.<\/li>\n<li><strong>Acc\u00e8s \u00e0 des \u00e9quipements modernes<\/strong> : les salles sont \u00e9quip\u00e9es des derni\u00e8res technologies p\u00e9dagogiques.<\/li>\n<\/ul>\n<h3>Pi\u00e8ge \u00e0 \u00e9viter<\/h3>\n<p>Un pi\u00e8ge fr\u00e9quent est de ne pas bien d\u00e9finir ses objectifs avant l\u2019inscription. Prenez le temps d\u2019analyser vos comp\u00e9tences actuelles et vos aspirations professionnelles pour choisir la formation qui vous correspond r\u00e9ellement.<\/p>\n<h2>T\u00e9moignages d\u2019anciens \u00e9l\u00e8ves<\/h2>\n<p>Voici deux t\u00e9moignages d\u2019anciens \u00e9l\u00e8ves ayant suivi une formation au GRETA Lille :<\/p>\n<ol>\n<li>\n<strong>Marie, Assistante Administrative<\/strong><br \/>\n   \u201cLa qualit\u00e9 des formateurs m\u2019a permis d\u2019acqu\u00e9rir toutes les comp\u00e9tences n\u00e9cessaires rapidement.\u201d\n<\/li>\n<li>\n<strong>Paul, \u00c9lectricien Certifi\u00e9<\/strong><br \/>\n   \u201cLa formation m\u2019a ouvert des portes et j\u2019ai trouv\u00e9 un emploi d\u00e8s la fin du cursus.\u201d\n<\/li>\n<\/ol>\n<h2>FAQ<\/h2>\n<h3>Quels types de dipl\u00f4mes peut-on obtenir au GRETA Lille ?<\/h3>\n<p>Le GRETA Lille propose principalement des certificats professionnels reconnus par l\u2019\u00c9tat comme le CAP ou le titre professionnel.<\/p>\n<h3>Quel est le d\u00e9lai moyen pour s\u2019inscrire ?<\/h3>\n<p>Il est conseill\u00e9 de commencer le processus au moins trois mois avant le d\u00e9but souhait\u00e9 de la formation.<\/p>\n<h3>Existe-t-il des aides financi\u00e8res pour suivre une formation ?<\/h3>\n<p>Oui, plusieurs dispositifs existent comme le CPF ou les financements par P\u00f4le emploi.<\/p>\n<h3>Peut-on suivre plusieurs formations simultan\u00e9ment ?<\/h3>\n<p>Cela d\u00e9pendra principalement du type de formations choisies et leur compatibilit\u00e9 horaire.<\/p>\n<h3>Comment se d\u00e9roule une journ\u00e9e typique au GRETA ?<\/h3>\n<p>Une journ\u00e9e type inclut g\u00e9n\u00e9ralement des cours th\u00e9oriques suivis par des ateliers pratiques adapt\u00e9s \u00e0 chaque sp\u00e9cialisation.<\/p>\n<p>Prenez d\u00e8s maintenant contact avec le GRETA Lille pour explorer vos possibilit\u00e9s professionnelles et choisissez la formation qui transformera votre avenir !<\/p>\n","protected":false},"excerpt":{"rendered":"","protected":false},"author":0,"featured_media":0,"comment_status":"open","ping_status":"open","sticky":false,"template":"","format":"standard","meta":{"_acf_changed":false,"manual_indexmenow":false,"indexmenow_id_project":0,"footnotes":""},"categories":[4759],"tags":[],"class_list":["post-7757","post","type-post","status-publish","format-standard","hentry","category-articles","generate-columns","tablet-grid-50","mobile-grid-100","grid-parent","grid-25"],"acf":[],"yoast_head":"<!-- This site is optimized with the Yoast SEO Premium plugin v21.3 (Yoast SEO v25.6) - https:\/\/yoast.com\/wordpress\/plugins\/seo\/ -->\n<title>GRETA Lille : Formation Pro - Guide Complet 2026<\/title>\n<meta name=\"description\" content=\"Le GRETA Lille est un acteur cl\u00e9 de la formation professionnelle continue dans la r\u00e9gion Hauts-de-France. En 2026, il propose une vaste gamme de\u2026\" \/>\n<meta name=\"robots\" content=\"index, follow, max-snippet:-1, max-image-preview:large, max-video-preview:-1\" \/>\n<link rel=\"canonical\" href=\"https:\/\/kodesmots.fr\/blog\/articles\/greta-lille\/\" \/>\n<meta property=\"og:locale\" content=\"fr_FR\" \/>\n<meta property=\"og:type\" content=\"article\" \/>\n<meta property=\"og:title\" content=\"GRETA Lille : Formation Pro - Guide Complet 2026\" \/>\n<meta property=\"og:description\" content=\"Le GRETA Lille est un acteur cl\u00e9 de la formation professionnelle continue dans la r\u00e9gion Hauts-de-France. En 2026, il propose une vaste gamme de\u2026\" \/>\n<meta property=\"og:url\" content=\"https:\/\/kodesmots.fr\/blog\/articles\/greta-lille\/\" \/>\n<meta property=\"og:site_name\" content=\"kodesmots\" \/>\n<meta name=\"twitter:card\" content=\"summary_large_image\" \/>\n<script type=\"application\/ld+json\" class=\"yoast-schema-graph\">{\"@context\":\"https:\/\/schema.org\",\"@graph\":[{\"@type\":\"NewsArticle\",\"@id\":\"https:\/\/kodesmots.fr\/blog\/articles\/greta-lille\/#article\",\"isPartOf\":{\"@id\":\"https:\/\/kodesmots.fr\/blog\/articles\/greta-lille\/\"},\"author\":{\"name\":\"\",\"@id\":\"\"},\"headline\":\"GRETA Lille : Formation Pro &#8211; Guide Complet 2026\",\"datePublished\":\"2026-05-01T09:00:00+00:00\",\"mainEntityOfPage\":{\"@id\":\"https:\/\/kodesmots.fr\/blog\/articles\/greta-lille\/\"},\"wordCount\":843,\"commentCount\":0,\"publisher\":{\"@id\":\"https:\/\/kodesmots.fr\/blog\/#organization\"},\"articleSection\":[\"Articles\"],\"inLanguage\":\"fr-FR\",\"potentialAction\":[{\"@type\":\"CommentAction\",\"name\":\"Comment\",\"target\":[\"https:\/\/kodesmots.fr\/blog\/articles\/greta-lille\/#respond\"]}]},{\"@type\":\"WebPage\",\"@id\":\"https:\/\/kodesmots.fr\/blog\/articles\/greta-lille\/\",\"url\":\"https:\/\/kodesmots.fr\/blog\/articles\/greta-lille\/\",\"name\":\"GRETA Lille : Formation Pro - Guide Complet 2026\",\"isPartOf\":{\"@id\":\"https:\/\/kodesmots.fr\/blog\/#website\"},\"datePublished\":\"2026-05-01T09:00:00+00:00\",\"description\":\"Le GRETA Lille est un acteur cl\u00e9 de la formation professionnelle continue dans la r\u00e9gion Hauts-de-France. En 2026, il propose une vaste gamme de\u2026\",\"inLanguage\":\"fr-FR\",\"potentialAction\":[{\"@type\":\"ReadAction\",\"target\":[\"https:\/\/kodesmots.fr\/blog\/articles\/greta-lille\/\"]}]},{\"@type\":\"WebSite\",\"@id\":\"https:\/\/kodesmots.fr\/blog\/#website\",\"url\":\"https:\/\/kodesmots.fr\/blog\/\",\"name\":\"kodesmots.fr\",\"description\":\"Kodesmots, d\u00e9codez le pouvoir des mots\",\"publisher\":{\"@id\":\"https:\/\/kodesmots.fr\/blog\/#organization\"},\"alternateName\":\"Kodesmots, d\u00e9codez le pouvoir des mots\",\"potentialAction\":[{\"@type\":\"SearchAction\",\"target\":{\"@type\":\"EntryPoint\",\"urlTemplate\":\"https:\/\/kodesmots.fr\/blog\/?s={search_term_string}\"},\"query-input\":{\"@type\":\"PropertyValueSpecification\",\"valueRequired\":true,\"valueName\":\"search_term_string\"}}],\"inLanguage\":\"fr-FR\"},{\"@type\":\"Organization\",\"@id\":\"https:\/\/kodesmots.fr\/blog\/#organization\",\"name\":\"Foretsensations.fr\",\"url\":\"https:\/\/kodesmots.fr\/blog\/\",\"logo\":{\"@type\":\"ImageObject\",\"inLanguage\":\"fr-FR\",\"@id\":\"https:\/\/kodesmots.fr\/blog\/#\/schema\/logo\/image\/\",\"url\":\"https:\/\/kodesmots.fr\/blog\/wp-content\/uploads\/2024\/12\/koDesMots.png\",\"contentUrl\":\"https:\/\/kodesmots.fr\/blog\/wp-content\/uploads\/2024\/12\/koDesMots.png\",\"width\":500,\"height\":500,\"caption\":\"Foretsensations.fr\"},\"image\":{\"@id\":\"https:\/\/kodesmots.fr\/blog\/#\/schema\/logo\/image\/\"}}]}<\/script>\n<!-- \/ Yoast SEO Premium plugin. -->","yoast_head_json":{"title":"GRETA Lille : Formation Pro - Guide Complet 2026","description":"Le GRETA Lille est un acteur cl\u00e9 de la formation professionnelle continue dans la r\u00e9gion Hauts-de-France. En 2026, il propose une vaste gamme de\u2026","robots":{"index":"index","follow":"follow","max-snippet":"max-snippet:-1","max-image-preview":"max-image-preview:large","max-video-preview":"max-video-preview:-1"},"canonical":"https:\/\/kodesmots.fr\/blog\/articles\/greta-lille\/","og_locale":"fr_FR","og_type":"article","og_title":"GRETA Lille : Formation Pro - Guide Complet 2026","og_description":"Le GRETA Lille est un acteur cl\u00e9 de la formation professionnelle continue dans la r\u00e9gion Hauts-de-France. En 2026, il propose une vaste gamme de\u2026","og_url":"https:\/\/kodesmots.fr\/blog\/articles\/greta-lille\/","og_site_name":"kodesmots","twitter_card":"summary_large_image","schema":{"@context":"https:\/\/schema.org","@graph":[{"@type":"NewsArticle","@id":"https:\/\/kodesmots.fr\/blog\/articles\/greta-lille\/#article","isPartOf":{"@id":"https:\/\/kodesmots.fr\/blog\/articles\/greta-lille\/"},"author":{"name":"","@id":""},"headline":"GRETA Lille : Formation Pro &#8211; Guide Complet 2026","datePublished":"2026-05-01T09:00:00+00:00","mainEntityOfPage":{"@id":"https:\/\/kodesmots.fr\/blog\/articles\/greta-lille\/"},"wordCount":843,"commentCount":0,"publisher":{"@id":"https:\/\/kodesmots.fr\/blog\/#organization"},"articleSection":["Articles"],"inLanguage":"fr-FR","potentialAction":[{"@type":"CommentAction","name":"Comment","target":["https:\/\/kodesmots.fr\/blog\/articles\/greta-lille\/#respond"]}]},{"@type":"WebPage","@id":"https:\/\/kodesmots.fr\/blog\/articles\/greta-lille\/","url":"https:\/\/kodesmots.fr\/blog\/articles\/greta-lille\/","name":"GRETA Lille : Formation Pro - Guide Complet 2026","isPartOf":{"@id":"https:\/\/kodesmots.fr\/blog\/#website"},"datePublished":"2026-05-01T09:00:00+00:00","description":"Le GRETA Lille est un acteur cl\u00e9 de la formation professionnelle continue dans la r\u00e9gion Hauts-de-France. En 2026, il propose une vaste gamme de\u2026","inLanguage":"fr-FR","potentialAction":[{"@type":"ReadAction","target":["https:\/\/kodesmots.fr\/blog\/articles\/greta-lille\/"]}]},{"@type":"WebSite","@id":"https:\/\/kodesmots.fr\/blog\/#website","url":"https:\/\/kodesmots.fr\/blog\/","name":"kodesmots.fr","description":"Kodesmots, d\u00e9codez le pouvoir des mots","publisher":{"@id":"https:\/\/kodesmots.fr\/blog\/#organization"},"alternateName":"Kodesmots, d\u00e9codez le pouvoir des mots","potentialAction":[{"@type":"SearchAction","target":{"@type":"EntryPoint","urlTemplate":"https:\/\/kodesmots.fr\/blog\/?s={search_term_string}"},"query-input":{"@type":"PropertyValueSpecification","valueRequired":true,"valueName":"search_term_string"}}],"inLanguage":"fr-FR"},{"@type":"Organization","@id":"https:\/\/kodesmots.fr\/blog\/#organization","name":"Foretsensations.fr","url":"https:\/\/kodesmots.fr\/blog\/","logo":{"@type":"ImageObject","inLanguage":"fr-FR","@id":"https:\/\/kodesmots.fr\/blog\/#\/schema\/logo\/image\/","url":"https:\/\/kodesmots.fr\/blog\/wp-content\/uploads\/2024\/12\/koDesMots.png","contentUrl":"https:\/\/kodesmots.fr\/blog\/wp-content\/uploads\/2024\/12\/koDesMots.png","width":500,"height":500,"caption":"Foretsensations.fr"},"image":{"@id":"https:\/\/kodesmots.fr\/blog\/#\/schema\/logo\/image\/"}}]}},"_links":{"self":[{"href":"https:\/\/kodesmots.fr\/blog\/wp-json\/wp\/v2\/posts\/7757","targetHints":{"allow":["GET"]}}],"collection":[{"href":"https:\/\/kodesmots.fr\/blog\/wp-json\/wp\/v2\/posts"}],"about":[{"href":"https:\/\/kodesmots.fr\/blog\/wp-json\/wp\/v2\/types\/post"}],"replies":[{"embeddable":true,"href":"https:\/\/kodesmots.fr\/blog\/wp-json\/wp\/v2\/comments?post=7757"}],"version-history":[{"count":1,"href":"https:\/\/kodesmots.fr\/blog\/wp-json\/wp\/v2\/posts\/7757\/revisions"}],"predecessor-version":[{"id":7790,"href":"https:\/\/kodesmots.fr\/blog\/wp-json\/wp\/v2\/posts\/7757\/revisions\/7790"}],"wp:attachment":[{"href":"https:\/\/kodesmots.fr\/blog\/wp-json\/wp\/v2\/media?parent=7757"}],"wp:term":[{"taxonomy":"category","embeddable":true,"href":"https:\/\/kodesmots.fr\/blog\/wp-json\/wp\/v2\/categories?post=7757"},{"taxonomy":"post_tag","embeddable":true,"href":"https:\/\/kodesmots.fr\/blog\/wp-json\/wp\/v2\/tags?post=7757"}],"curies":[{"name":"wp","href":"https:\/\/api.w.org\/{rel}","templated":true}]}}